{"id":113432,"date":"2019-08-29T10:05:24","date_gmt":"2019-08-29T07:05:24","guid":{"rendered":"https:\/\/sana.sy\/es\/?p=113432"},"modified":"2019-08-29T10:29:50","modified_gmt":"2019-08-29T07:29:50","slug":"khamis-siria-es-fuerte-y-se-esta-recuperando","status":"publish","type":"post","link":"https:\/\/archive.sana.sy\/es\/?p=113432","title":{"rendered":"Khamis: Siria es fuerte y se est\u00e1 recuperando"},"content":{"rendered":"<p class=\"m_-6155104342112582685ydpc779b91cyiv7587148528msonormal\" style=\"text-align: justify;\"><span style=\"color: #800000;\">Damasco, SANA<\/span><\/p>\n<p class=\"m_-6155104342112582685ydpc779b91cyiv7587148528msonormal\" style=\"text-align: justify;\">El primer ministro, Imad Khamis, recorri\u00f3 los pabellones de los pa\u00edses y de las instituciones y empresas nacionales participantes en la 61 edici\u00f3n de la Feria Internacional de Damasco que fue inaugurada la noche del mi\u00e9rcoles.<\/p>\n<p class=\"m_-6155104342112582685ydpc779b91cyiv7587148528msonormal\" style=\"text-align: justify;\">El jefe del Ejecutivo visit\u00f3 el principal Pabell\u00f3n donde ratific\u00f3 la pol\u00edtica del gobierno de seguir prestando apoyo y atenci\u00f3n a la industria local para acelerar la producci\u00f3n y apoyar la econom\u00eda nacional.<\/p>\n<p class=\"m_-6155104342112582685ydpc779b91cyiv7587148528msonormal\" style=\"text-align: justify;\">De igual manera, Khamis visit\u00f3 una serie de pabellones de pa\u00edses extranjeros y \u00e1rabes participantes en la feria, incluidos Rusia, Ir\u00e1n, China, Irak, Venezuela, Bielorrusia, RPDC, Pakist\u00e1n, Emiratos \u00c1rabes Unidos, Crimea, Indonesia, Filipinas, Cuba y Macedonia.<\/p>\n<p class=\"m_-6155104342112582685ydpc779b91cyiv7587148528msonormal\" style=\"text-align: justify;\">En una declaraci\u00f3n a los periodistas al final de su gira, el primer ministro hizo hincapi\u00e9 en que el alto n\u00famero pa\u00edses y de empresas \u00e1rabes y extranjeras participantes en la 61\u00aa edici\u00f3n de la Feria Internacional de Damasco representa un mensaje del pueblo y del ej\u00e9rcito al mundo de que Siria es fuerte y se est\u00e1 recuperando.<\/p>\n<p class=\"m_-6155104342112582685ydpc779b91cyiv7587148528msonormal\" style=\"text-align: justify;\">&#8220;Este mensaje es el resultado de los sacrificios del pueblo y del ej\u00e9rcito en su enfrentamiento a la guerra terrorista, econ\u00f3mica y medi\u00e1tica&#8221;, a\u00f1adi\u00f3.<\/p>\n<p class=\"m_-6155104342112582685ydpc779b91cyiv7587148528msonormal\" style=\"text-align: justify;\">Coment\u00f3 que las amenazas de EE.UU contra las empresas participantes no son nada nuevas y forman parte de su pol\u00edtica agresiva y de su agenda saboteadora y destructiva contra Siria.<\/p>\n<p style=\"text-align: justify;\"><span style=\"color: #0000ff;\">F. Marouf\/ E. Dubian<\/span><\/p>\n","protected":false},"excerpt":{"rendered":"<p>Damasco, SANA El primer ministro, Imad Khamis, recorri\u00f3 los pabellones de los pa\u00edses y de las instituciones y empresas nacionales participantes en la 61 edici\u00f3n de la Feria Internacional de Damasco que fue inaugurada la noche del mi\u00e9rcoles. El jefe del Ejecutivo visit\u00f3 el principal Pabell\u00f3n donde ratific\u00f3 la pol\u00edtica del gobierno de seguir prestando &hellip;<\/p>\n","protected":false},"author":32,"featured_media":113433,"comment_status":"closed","ping_status":"closed","sticky":false,"template":"","format":"standard","meta":{"footnotes":""},"categories":[597,7541],"tags":[16335],"class_list":["post-113432","post","type-post","status-publish","format-standard","has-post-thumbnail","","category-cinta-de-noticias","category-ultimas-noticias","tag-khamis-siria-es-fuerte-y-se-esta-recuperando"],"_links":{"self":[{"href":"https:\/\/archive.sana.sy\/es\/index.php?rest_route=\/wp\/v2\/posts\/113432"}],"collection":[{"href":"https:\/\/archive.sana.sy\/es\/index.php?rest_route=\/wp\/v2\/posts"}],"about":[{"href":"https:\/\/archive.sana.sy\/es\/index.php?rest_route=\/wp\/v2\/types\/post"}],"author":[{"embeddable":true,"href":"https:\/\/archive.sana.sy\/es\/index.php?rest_route=\/wp\/v2\/users\/32"}],"replies":[{"embeddable":true,"href":"https:\/\/archive.sana.sy\/es\/index.php?rest_route=%2Fwp%2Fv2%2Fcomments&post=113432"}],"version-history":[{"count":0,"href":"https:\/\/archive.sana.sy\/es\/index.php?rest_route=\/wp\/v2\/posts\/113432\/revisions"}],"wp:featuredmedia":[{"embeddable":true,"href":"https:\/\/archive.sana.sy\/es\/index.php?rest_route=\/wp\/v2\/media\/113433"}],"wp:attachment":[{"href":"https:\/\/archive.sana.sy\/es\/index.php?rest_route=%2Fwp%2Fv2%2Fmedia&parent=113432"}],"wp:term":[{"taxonomy":"category","embeddable":true,"href":"https:\/\/archive.sana.sy\/es\/index.php?rest_route=%2Fwp%2Fv2%2Fcategories&post=113432"},{"taxonomy":"post_tag","embeddable":true,"href":"https:\/\/archive.sana.sy\/es\/index.php?rest_route=%2Fwp%2Fv2%2Ftags&post=113432"}],"curies":[{"name":"wp","href":"https:\/\/api.w.org\/{rel}","templated":true}]}}