{"id":113436,"date":"2019-08-29T10:07:35","date_gmt":"2019-08-29T07:07:35","guid":{"rendered":"https:\/\/sana.sy\/es\/?p=113436"},"modified":"2019-08-29T10:53:28","modified_gmt":"2019-08-29T07:53:28","slug":"sara-125-medios-cubren-la-feria-internacional-de-damasco","status":"publish","type":"post","link":"https:\/\/archive.sana.sy\/es\/?p=113436","title":{"rendered":"Sara: 125 medios cubren la Feria Internacional de Damasco"},"content":{"rendered":"<p style=\"text-align: justify;\"><span style=\"color: #800000;\">Damasco, SANA<\/span><\/p>\n<p style=\"text-align: justify;\">El ministro de Informaci\u00f3n, Emad Sara, declar\u00f3 que unos 125 medios de comunicaci\u00f3n est\u00e1n cubriendo las actividades de la 61 edici\u00f3n de la Feria Internacional de Damasco.<\/p>\n<p style=\"text-align: justify;\">En declaraciones a la prensa, Sara indic\u00f3 que se otorgaron 42 visados de periodismo a periodistas de diferentes partes del mundo para cubrir la feria, y agreg\u00f3 que la feria cobra especial importancia este a\u00f1o porque coincide con importantes victorias logradas por el Ej\u00e9rcito \u00c1rabe Sirio en el campo norte de Hama y sur de Idleb.<\/p>\n<p style=\"text-align: justify;\">Agreg\u00f3 que la Feria Internacional de Damasco no solo tiene una naturaleza econ\u00f3mica, sino es cultural, social, medi\u00e1tica, y hasta pol\u00edtica ya que Estados Unidos ha lanzado amenazas a las empresas participantes en un intento de reducir su participaci\u00f3n, en el contexto de la guerra contra Siria.<\/p>\n<p style=\"text-align: justify;\">&#8220;La feria transmite un conjunto de mensajes, el m\u00e1s importante de los cuales es que el ciudadano sirio resisti\u00f3, desafi\u00f3 y triunf\u00f3 y ahora se est\u00e1 levantando nuevamente para reconstruir su pa\u00eds&#8221;, concluy\u00f3.<\/p>\n<p><span style=\"color: #0000ff;\">F. Marouf\/ E. Dubian<\/span><\/p>\n<div id='gallery-1' class='gallery galleryid-113436 gallery-columns-1 gallery-size-full'><figure class='gallery-item'>\n\t\t\t<div class='gallery-icon landscape'>\n\t\t\t\t<a href='https:\/\/archive.sana.sy\/es\/wp-content\/uploads\/2019\/08\/WAA0581.jpg'><img loading=\"lazy\" decoding=\"async\" width=\"3543\" height=\"2362\" src=\"https:\/\/archive.sana.sy\/es\/wp-content\/uploads\/2019\/08\/WAA0581.jpg\" class=\"attachment-full size-full\" alt=\"\" srcset=\"https:\/\/archive.sana.sy\/es\/wp-content\/uploads\/2019\/08\/WAA0581.jpg 3543w, https:\/\/archive.sana.sy\/es\/wp-content\/uploads\/2019\/08\/WAA0581-150x100.jpg 150w, https:\/\/archive.sana.sy\/es\/wp-content\/uploads\/2019\/08\/WAA0581-300x200.jpg 300w, https:\/\/archive.sana.sy\/es\/wp-content\/uploads\/2019\/08\/WAA0581-768x512.jpg 768w, https:\/\/archive.sana.sy\/es\/wp-content\/uploads\/2019\/08\/WAA0581-1024x683.jpg 1024w\" sizes=\"(max-width: 3543px) 100vw, 3543px\" \/><\/a>\n\t\t\t<\/div><\/figure><figure class='gallery-item'>\n\t\t\t<div class='gallery-icon landscape'>\n\t\t\t\t<a href='https:\/\/archive.sana.sy\/es\/wp-content\/uploads\/2019\/08\/WAA0591.jpg'><img loading=\"lazy\" decoding=\"async\" width=\"3543\" height=\"2362\" src=\"https:\/\/archive.sana.sy\/es\/wp-content\/uploads\/2019\/08\/WAA0591.jpg\" class=\"attachment-full size-full\" alt=\"\" srcset=\"https:\/\/archive.sana.sy\/es\/wp-content\/uploads\/2019\/08\/WAA0591.jpg 3543w, https:\/\/archive.sana.sy\/es\/wp-content\/uploads\/2019\/08\/WAA0591-150x100.jpg 150w, https:\/\/archive.sana.sy\/es\/wp-content\/uploads\/2019\/08\/WAA0591-300x200.jpg 300w, https:\/\/archive.sana.sy\/es\/wp-content\/uploads\/2019\/08\/WAA0591-768x512.jpg 768w, https:\/\/archive.sana.sy\/es\/wp-content\/uploads\/2019\/08\/WAA0591-1024x683.jpg 1024w\" sizes=\"(max-width: 3543px) 100vw, 3543px\" \/><\/a>\n\t\t\t<\/div><\/figure><figure class='gallery-item'>\n\t\t\t<div class='gallery-icon landscape'>\n\t\t\t\t<a href='https:\/\/archive.sana.sy\/es\/wp-content\/uploads\/2019\/08\/WAA0636.jpg'><img loading=\"lazy\" decoding=\"async\" width=\"3543\" height=\"2362\" src=\"https:\/\/archive.sana.sy\/es\/wp-content\/uploads\/2019\/08\/WAA0636.jpg\" class=\"attachment-full size-full\" alt=\"\" srcset=\"https:\/\/archive.sana.sy\/es\/wp-content\/uploads\/2019\/08\/WAA0636.jpg 3543w, https:\/\/archive.sana.sy\/es\/wp-content\/uploads\/2019\/08\/WAA0636-150x100.jpg 150w, https:\/\/archive.sana.sy\/es\/wp-content\/uploads\/2019\/08\/WAA0636-300x200.jpg 300w, https:\/\/archive.sana.sy\/es\/wp-content\/uploads\/2019\/08\/WAA0636-768x512.jpg 768w, https:\/\/archive.sana.sy\/es\/wp-content\/uploads\/2019\/08\/WAA0636-1024x683.jpg 1024w\" sizes=\"(max-width: 3543px) 100vw, 3543px\" \/><\/a>\n\t\t\t<\/div><\/figure><figure class='gallery-item'>\n\t\t\t<div class='gallery-icon landscape'>\n\t\t\t\t<a href='https:\/\/archive.sana.sy\/es\/wp-content\/uploads\/2019\/08\/WAA0639.jpg'><img loading=\"lazy\" decoding=\"async\" width=\"3543\" height=\"2361\" src=\"https:\/\/archive.sana.sy\/es\/wp-content\/uploads\/2019\/08\/WAA0639.jpg\" class=\"attachment-full size-full\" alt=\"\" srcset=\"https:\/\/archive.sana.sy\/es\/wp-content\/uploads\/2019\/08\/WAA0639.jpg 3543w, https:\/\/archive.sana.sy\/es\/wp-content\/uploads\/2019\/08\/WAA0639-150x100.jpg 150w, https:\/\/archive.sana.sy\/es\/wp-content\/uploads\/2019\/08\/WAA0639-300x200.jpg 300w, https:\/\/archive.sana.sy\/es\/wp-content\/uploads\/2019\/08\/WAA0639-768x512.jpg 768w, https:\/\/archive.sana.sy\/es\/wp-content\/uploads\/2019\/08\/WAA0639-1024x682.jpg 1024w\" sizes=\"(max-width: 3543px) 100vw, 3543px\" \/><\/a>\n\t\t\t<\/div><\/figure><figure class='gallery-item'>\n\t\t\t<div class='gallery-icon landscape'>\n\t\t\t\t<a href='https:\/\/archive.sana.sy\/es\/wp-content\/uploads\/2019\/08\/WAA0669.jpg'><img loading=\"lazy\" decoding=\"async\" width=\"3543\" height=\"2206\" src=\"https:\/\/archive.sana.sy\/es\/wp-content\/uploads\/2019\/08\/WAA0669.jpg\" class=\"attachment-full size-full\" alt=\"\" srcset=\"https:\/\/archive.sana.sy\/es\/wp-content\/uploads\/2019\/08\/WAA0669.jpg 3543w, https:\/\/archive.sana.sy\/es\/wp-content\/uploads\/2019\/08\/WAA0669-150x93.jpg 150w, https:\/\/archive.sana.sy\/es\/wp-content\/uploads\/2019\/08\/WAA0669-300x187.jpg 300w, https:\/\/archive.sana.sy\/es\/wp-content\/uploads\/2019\/08\/WAA0669-768x478.jpg 768w, https:\/\/archive.sana.sy\/es\/wp-content\/uploads\/2019\/08\/WAA0669-1024x638.jpg 1024w\" sizes=\"(max-width: 3543px) 100vw, 3543px\" \/><\/a>\n\t\t\t<\/div><\/figure><figure class='gallery-item'>\n\t\t\t<div class='gallery-icon landscape'>\n\t\t\t\t<a href='https:\/\/archive.sana.sy\/es\/wp-content\/uploads\/2019\/08\/WAA0691.jpg'><img loading=\"lazy\" decoding=\"async\" width=\"3543\" height=\"2156\" src=\"https:\/\/archive.sana.sy\/es\/wp-content\/uploads\/2019\/08\/WAA0691.jpg\" class=\"attachment-full size-full\" alt=\"\" srcset=\"https:\/\/archive.sana.sy\/es\/wp-content\/uploads\/2019\/08\/WAA0691.jpg 3543w, https:\/\/archive.sana.sy\/es\/wp-content\/uploads\/2019\/08\/WAA0691-150x91.jpg 150w, https:\/\/archive.sana.sy\/es\/wp-content\/uploads\/2019\/08\/WAA0691-300x183.jpg 300w, https:\/\/archive.sana.sy\/es\/wp-content\/uploads\/2019\/08\/WAA0691-768x467.jpg 768w, https:\/\/archive.sana.sy\/es\/wp-content\/uploads\/2019\/08\/WAA0691-1024x623.jpg 1024w\" sizes=\"(max-width: 3543px) 100vw, 3543px\" \/><\/a>\n\t\t\t<\/div><\/figure><figure class='gallery-item'>\n\t\t\t<div class='gallery-icon landscape'>\n\t\t\t\t<a href='https:\/\/archive.sana.sy\/es\/wp-content\/uploads\/2019\/08\/WAA0762.jpg'><img loading=\"lazy\" decoding=\"async\" width=\"3543\" height=\"2645\" src=\"https:\/\/archive.sana.sy\/es\/wp-content\/uploads\/2019\/08\/WAA0762.jpg\" class=\"attachment-full size-full\" alt=\"\" srcset=\"https:\/\/archive.sana.sy\/es\/wp-content\/uploads\/2019\/08\/WAA0762.jpg 3543w, https:\/\/archive.sana.sy\/es\/wp-content\/uploads\/2019\/08\/WAA0762-150x112.jpg 150w, https:\/\/archive.sana.sy\/es\/wp-content\/uploads\/2019\/08\/WAA0762-300x224.jpg 300w, https:\/\/archive.sana.sy\/es\/wp-content\/uploads\/2019\/08\/WAA0762-768x573.jpg 768w, https:\/\/archive.sana.sy\/es\/wp-content\/uploads\/2019\/08\/WAA0762-1024x764.jpg 1024w\" sizes=\"(max-width: 3543px) 100vw, 3543px\" \/><\/a>\n\t\t\t<\/div><\/figure><figure class='gallery-item'>\n\t\t\t<div class='gallery-icon landscape'>\n\t\t\t\t<a href='https:\/\/archive.sana.sy\/es\/wp-content\/uploads\/2019\/08\/WAA0774.jpg'><img loading=\"lazy\" decoding=\"async\" width=\"3543\" height=\"2362\" src=\"https:\/\/archive.sana.sy\/es\/wp-content\/uploads\/2019\/08\/WAA0774.jpg\" class=\"attachment-full size-full\" alt=\"\" srcset=\"https:\/\/archive.sana.sy\/es\/wp-content\/uploads\/2019\/08\/WAA0774.jpg 3543w, https:\/\/archive.sana.sy\/es\/wp-content\/uploads\/2019\/08\/WAA0774-150x100.jpg 150w, https:\/\/archive.sana.sy\/es\/wp-content\/uploads\/2019\/08\/WAA0774-300x200.jpg 300w, https:\/\/archive.sana.sy\/es\/wp-content\/uploads\/2019\/08\/WAA0774-768x512.jpg 768w, https:\/\/archive.sana.sy\/es\/wp-content\/uploads\/2019\/08\/WAA0774-1024x683.jpg 1024w\" sizes=\"(max-width: 3543px) 100vw, 3543px\" \/><\/a>\n\t\t\t<\/div><\/figure><figure class='gallery-item'>\n\t\t\t<div class='gallery-icon landscape'>\n\t\t\t\t<a href='https:\/\/archive.sana.sy\/es\/wp-content\/uploads\/2019\/08\/WAA0792.jpg'><img loading=\"lazy\" decoding=\"async\" width=\"3543\" height=\"2362\" src=\"https:\/\/archive.sana.sy\/es\/wp-content\/uploads\/2019\/08\/WAA0792.jpg\" class=\"attachment-full size-full\" alt=\"\" srcset=\"https:\/\/archive.sana.sy\/es\/wp-content\/uploads\/2019\/08\/WAA0792.jpg 3543w, https:\/\/archive.sana.sy\/es\/wp-content\/uploads\/2019\/08\/WAA0792-150x100.jpg 150w, https:\/\/archive.sana.sy\/es\/wp-content\/uploads\/2019\/08\/WAA0792-300x200.jpg 300w, https:\/\/archive.sana.sy\/es\/wp-content\/uploads\/2019\/08\/WAA0792-768x512.jpg 768w, https:\/\/archive.sana.sy\/es\/wp-content\/uploads\/2019\/08\/WAA0792-1024x683.jpg 1024w\" sizes=\"(max-width: 3543px) 100vw, 3543px\" \/><\/a>\n\t\t\t<\/div><\/figure>\n\t\t<\/div>\n\n","protected":false},"excerpt":{"rendered":"<p>Damasco, SANA El ministro de Informaci\u00f3n, Emad Sara, declar\u00f3 que unos 125 medios de comunicaci\u00f3n est\u00e1n cubriendo las actividades de la 61 edici\u00f3n de la Feria Internacional de Damasco. En declaraciones a la prensa, Sara indic\u00f3 que se otorgaron 42 visados de periodismo a periodistas de diferentes partes del mundo para cubrir la feria, y &hellip;<\/p>\n","protected":false},"author":32,"featured_media":113437,"comment_status":"closed","ping_status":"closed","sticky":false,"template":"","format":"standard","meta":{"footnotes":""},"categories":[597,7541],"tags":[16336],"class_list":["post-113436","post","type-post","status-publish","format-standard","has-post-thumbnail","","category-cinta-de-noticias","category-ultimas-noticias","tag-sara-125-medios-cubren-la-feria-internacional-de-damasco"],"_links":{"self":[{"href":"https:\/\/archive.sana.sy\/es\/index.php?rest_route=\/wp\/v2\/posts\/113436"}],"collection":[{"href":"https:\/\/archive.sana.sy\/es\/index.php?rest_route=\/wp\/v2\/posts"}],"about":[{"href":"https:\/\/archive.sana.sy\/es\/index.php?rest_route=\/wp\/v2\/types\/post"}],"author":[{"embeddable":true,"href":"https:\/\/archive.sana.sy\/es\/index.php?rest_route=\/wp\/v2\/users\/32"}],"replies":[{"embeddable":true,"href":"https:\/\/archive.sana.sy\/es\/index.php?rest_route=%2Fwp%2Fv2%2Fcomments&post=113436"}],"version-history":[{"count":0,"href":"https:\/\/archive.sana.sy\/es\/index.php?rest_route=\/wp\/v2\/posts\/113436\/revisions"}],"wp:featuredmedia":[{"embeddable":true,"href":"https:\/\/archive.sana.sy\/es\/index.php?rest_route=\/wp\/v2\/media\/113437"}],"wp:attachment":[{"href":"https:\/\/archive.sana.sy\/es\/index.php?rest_route=%2Fwp%2Fv2%2Fmedia&parent=113436"}],"wp:term":[{"taxonomy":"category","embeddable":true,"href":"https:\/\/archive.sana.sy\/es\/index.php?rest_route=%2Fwp%2Fv2%2Fcategories&post=113436"},{"taxonomy":"post_tag","embeddable":true,"href":"https:\/\/archive.sana.sy\/es\/index.php?rest_route=%2Fwp%2Fv2%2Ftags&post=113436"}],"curies":[{"name":"wp","href":"https:\/\/api.w.org\/{rel}","templated":true}]}}