{"id":113848,"date":"2019-09-01T19:09:20","date_gmt":"2019-09-01T16:09:20","guid":{"rendered":"https:\/\/sana.sy\/es\/?p=113848"},"modified":"2019-09-01T19:09:20","modified_gmt":"2019-09-01T16:09:20","slug":"resistencia-libanesa-anuncia-destruccion-de-vehiculo-militar-israeli","status":"publish","type":"post","link":"https:\/\/archive.sana.sy\/es\/?p=113848","title":{"rendered":"Resistencia libanesa anuncia destrucci\u00f3n de veh\u00edculo militar Israel\u00ed"},"content":{"rendered":"<p>Beirut-SANA<\/p>\n<p>La resistencia nacional libanesa ha anunciado la destrucci\u00f3n de un veh\u00edculo militar israel\u00ed en el norte de Palestina ocupada.<\/p>\n<p>\u00a8A las 16 horas y 15 minutos, un grupo de resistentes arrasaron con un veh\u00edculo militar israel\u00ed y mataron o hirieron a quienes iban en el veh\u00edculo\u00a8, dijo la resistencia libanesa en un comunicado.<\/p>\n<p>Por su parte el Comando del Ej\u00e9rcito liban\u00e9s dijo que las fuerzas de la ocupaci\u00f3n israel\u00edes bombardearon con proyectiles los huertos de varios poblados fronterizos.<\/p>\n<p>Y.K.<\/p>\n","protected":false},"excerpt":{"rendered":"<p>Beirut-SANA La resistencia nacional libanesa ha anunciado la destrucci\u00f3n de un veh\u00edculo militar israel\u00ed en el norte de Palestina ocupada. \u00a8A las 16 horas y 15 minutos, un grupo de resistentes arrasaron con un veh\u00edculo militar israel\u00ed y mataron o hirieron a quienes iban en el veh\u00edculo\u00a8, dijo la resistencia libanesa en un comunicado. Por &hellip;<\/p>\n","protected":false},"author":1,"featured_media":113849,"comment_status":"closed","ping_status":"closed","sticky":false,"template":"","format":"standard","meta":{"footnotes":""},"categories":[456,7541],"tags":[],"class_list":["post-113848","post","type-post","status-publish","format-standard","has-post-thumbnail","","category-arabe-internacional-politica","category-ultimas-noticias"],"_links":{"self":[{"href":"https:\/\/archive.sana.sy\/es\/index.php?rest_route=\/wp\/v2\/posts\/113848"}],"collection":[{"href":"https:\/\/archive.sana.sy\/es\/index.php?rest_route=\/wp\/v2\/posts"}],"about":[{"href":"https:\/\/archive.sana.sy\/es\/index.php?rest_route=\/wp\/v2\/types\/post"}],"author":[{"embeddable":true,"href":"https:\/\/archive.sana.sy\/es\/index.php?rest_route=\/wp\/v2\/users\/1"}],"replies":[{"embeddable":true,"href":"https:\/\/archive.sana.sy\/es\/index.php?rest_route=%2Fwp%2Fv2%2Fcomments&post=113848"}],"version-history":[{"count":0,"href":"https:\/\/archive.sana.sy\/es\/index.php?rest_route=\/wp\/v2\/posts\/113848\/revisions"}],"wp:featuredmedia":[{"embeddable":true,"href":"https:\/\/archive.sana.sy\/es\/index.php?rest_route=\/wp\/v2\/media\/113849"}],"wp:attachment":[{"href":"https:\/\/archive.sana.sy\/es\/index.php?rest_route=%2Fwp%2Fv2%2Fmedia&parent=113848"}],"wp:term":[{"taxonomy":"category","embeddable":true,"href":"https:\/\/archive.sana.sy\/es\/index.php?rest_route=%2Fwp%2Fv2%2Fcategories&post=113848"},{"taxonomy":"post_tag","embeddable":true,"href":"https:\/\/archive.sana.sy\/es\/index.php?rest_route=%2Fwp%2Fv2%2Ftags&post=113848"}],"curies":[{"name":"wp","href":"https:\/\/api.w.org\/{rel}","templated":true}]}}