{"id":113851,"date":"2019-09-01T21:41:11","date_gmt":"2019-09-01T18:41:11","guid":{"rendered":"https:\/\/sana.sy\/es\/?p=113851"},"modified":"2019-09-02T22:49:31","modified_gmt":"2019-09-02T19:49:31","slug":"amplia-participacion-internacional-en-la-feria-internacional-de-damasco","status":"publish","type":"post","link":"https:\/\/archive.sana.sy\/es\/?p=113851","title":{"rendered":"Amplia participaci\u00f3n internacional en la Feria Internacional de Damasco"},"content":{"rendered":"<p>Damasco, SANA<\/p>\n<p>Varios pa\u00edses que participan en la 61\u00aa Feria Internacional de Damasco, han enviado un mensaje de solidaridad con Siria y su pueblo, adem\u00e1s de exhibir sus culturas, industrias y oportunidades de inversi\u00f3n.<\/p>\n<p>En una declaraci\u00f3n a SANA, el embajador de Cuba, Miguel Porto Parga, dijo que la participaci\u00f3n de su pa\u00eds en la Feria expresa el apoyo de Cuba a Siria, y se\u00f1al\u00f3 que la participaci\u00f3n de empresas y hombres de negocios, adem\u00e1s de representantes de estados a gran escala, es una se\u00f1al del gran \u00e9xito que ha logrado la Feria y representa asimismo, un desaf\u00edo a las sanciones impuestas por los Estados Unidos.<\/p>\n<p>A su vez, el Tercer Secretario de la Embajada de Armenia, Roben Sogoyan, se\u00f1al\u00f3 que Armenia ha participado en las \u00faltimas tres ediciones de la Feria Internacional de Damasco, con la esperanza de que la Feria tenga un impacto positivo en la econom\u00eda siria y que contribuya adem\u00e1s a atraer m\u00e1s inversiones.<\/p>\n<p>El embajador de Indonesia, Wajid Fauzi, dijo que su pa\u00eds tiene inter\u00e9s en participar en varias Ferias celebradas en Siria, subrayando las fuertes relaciones amistosas entre su pa\u00eds y Siria, y agreg\u00f3 que la Feria es una oportunidad para mejorar el intercambio comercial e introducir la cultura indonesia a los sirios.<\/p>\n<p>Mientras tanto, Farooq Mashoor, de la Embajada de Pakist\u00e1n, dijo que el pabell\u00f3n de Pakist\u00e1n exhibe alfombras artesanales, equipamientos quir\u00fargicos, estomatol\u00f3gicos y deportivos, adem\u00e1s de arroz y especias, y se\u00f1al\u00f3 que la Embajada de Pakist\u00e1n ha permanecido abierta durante toda la crisis en Siria.<\/p>\n<p>El Encargado de Negocios de la Embajada de Sud\u00e1frica, Solomzi Mhlana, dijo que su pa\u00eds y Siria tienen una larga historia de relaciones distinguidas, y que la participaci\u00f3n de Sud\u00e1frica en la Feria expresa su apoyo al pueblo y al gobierno sirio.<\/p>\n<p>A su vez, Ramoncito Mendoza de la Embajada de Filipinas dijo que esta es la primera participaci\u00f3n de su pa\u00eds en la Feria, con la esperanza de que se firmen contratos para la exportaci\u00f3n de alimentos a Siria.<\/p>\n<p>Por su parte, Choi Kang Chol, de la Embajada de la Rep\u00fablica Popular Democr\u00e1tica de Corea (RPDC), dijo que la participaci\u00f3n de su pa\u00eds en la Feria es para introducir productos norcoreanos especialmente aquellos ricos en ginseng que seg\u00fan explic\u00f3 son muy beneficioso pues mejoran la inmunidad y la memoria as\u00ed como protegen contra el c\u00e1ncer.<\/p>\n<p>Y.K.<\/p>\n","protected":false},"excerpt":{"rendered":"<p>Damasco, SANA Varios pa\u00edses que participan en la 61\u00aa Feria Internacional de Damasco, han enviado un mensaje de solidaridad con Siria y su pueblo, adem\u00e1s de exhibir sus culturas, industrias y oportunidades de inversi\u00f3n. En una declaraci\u00f3n a SANA, el embajador de Cuba, Miguel Porto Parga, dijo que la participaci\u00f3n de su pa\u00eds en la &hellip;<\/p>\n","protected":false},"author":1,"featured_media":113852,"comment_status":"closed","ping_status":"closed","sticky":false,"template":"","format":"standard","meta":{"footnotes":""},"categories":[597,476],"tags":[],"class_list":["post-113851","post","type-post","status-publish","format-standard","has-post-thumbnail","","category-cinta-de-noticias","category-locales"],"_links":{"self":[{"href":"https:\/\/archive.sana.sy\/es\/index.php?rest_route=\/wp\/v2\/posts\/113851"}],"collection":[{"href":"https:\/\/archive.sana.sy\/es\/index.php?rest_route=\/wp\/v2\/posts"}],"about":[{"href":"https:\/\/archive.sana.sy\/es\/index.php?rest_route=\/wp\/v2\/types\/post"}],"author":[{"embeddable":true,"href":"https:\/\/archive.sana.sy\/es\/index.php?rest_route=\/wp\/v2\/users\/1"}],"replies":[{"embeddable":true,"href":"https:\/\/archive.sana.sy\/es\/index.php?rest_route=%2Fwp%2Fv2%2Fcomments&post=113851"}],"version-history":[{"count":0,"href":"https:\/\/archive.sana.sy\/es\/index.php?rest_route=\/wp\/v2\/posts\/113851\/revisions"}],"wp:featuredmedia":[{"embeddable":true,"href":"https:\/\/archive.sana.sy\/es\/index.php?rest_route=\/wp\/v2\/media\/113852"}],"wp:attachment":[{"href":"https:\/\/archive.sana.sy\/es\/index.php?rest_route=%2Fwp%2Fv2%2Fmedia&parent=113851"}],"wp:term":[{"taxonomy":"category","embeddable":true,"href":"https:\/\/archive.sana.sy\/es\/index.php?rest_route=%2Fwp%2Fv2%2Fcategories&post=113851"},{"taxonomy":"post_tag","embeddable":true,"href":"https:\/\/archive.sana.sy\/es\/index.php?rest_route=%2Fwp%2Fv2%2Ftags&post=113851"}],"curies":[{"name":"wp","href":"https:\/\/api.w.org\/{rel}","templated":true}]}}