{"id":113854,"date":"2019-09-02T10:07:55","date_gmt":"2019-09-02T07:07:55","guid":{"rendered":"https:\/\/sana.sy\/es\/?p=113854"},"modified":"2019-09-02T22:50:02","modified_gmt":"2019-09-02T19:50:02","slug":"116-mil-personas-visitan-la-feria-internacional-de-damasco-en-su-quinto-dia","status":"publish","type":"post","link":"https:\/\/archive.sana.sy\/es\/?p=113854","title":{"rendered":"116 mil personas visitan la Feria Internacional de Damasco en su quinto d\u00eda"},"content":{"rendered":"<p><span style=\"color: #800000;\">Damasco, SANA<\/span><\/p>\n<p>En el quinto d\u00eda de la 61\u00aa edici\u00f3n de la Feria Internacional de Damasco, m\u00e1s de 116 mil personas acudieron al recinto ferial, para visitar los diferentes pabellones nacionales e internacionales, y disfrutar de las actividades culturales, art\u00edsticas, musicales y recreativas que se est\u00e1n llevando a cabo en el marco de este gran evento.<\/p>\n<p>Con esta cifra, ya suma m\u00e1s de medio mill\u00f3n el n\u00famero de visitantes a la feria que abri\u00f3 sus puertas al p\u00fablico el d\u00eda 29 de agosto y durar\u00e1 hasta el d\u00eda 6 de este mes.<\/p>\n<p>Pese a las amenazas de la administraci\u00f3n estadounidense, hubo un aumento en el n\u00famero de pa\u00edses y empresas participantes en la actual edici\u00f3n ( 38 pa\u00edses y m\u00e1s de mil 700 compa\u00f1\u00edas nacionales y extranjeras).<\/p>\n<p><span style=\"color: #0000ff;\">F. Marouf\/ Ammar H.<\/span><\/p>\n<div id='gallery-1' class='gallery galleryid-113854 gallery-columns-1 gallery-size-full'><figure class='gallery-item'>\n\t\t\t<div class='gallery-icon landscape'>\n\t\t\t\t<a href='https:\/\/archive.sana.sy\/es\/wp-content\/uploads\/2019\/09\/1-15.jpg'><img loading=\"lazy\" decoding=\"async\" width=\"1000\" height=\"595\" src=\"https:\/\/archive.sana.sy\/es\/wp-content\/uploads\/2019\/09\/1-15.jpg\" class=\"attachment-full size-full\" alt=\"\" srcset=\"https:\/\/archive.sana.sy\/es\/wp-content\/uploads\/2019\/09\/1-15.jpg 1000w, https:\/\/archive.sana.sy\/es\/wp-content\/uploads\/2019\/09\/1-15-150x89.jpg 150w, https:\/\/archive.sana.sy\/es\/wp-content\/uploads\/2019\/09\/1-15-300x179.jpg 300w, https:\/\/archive.sana.sy\/es\/wp-content\/uploads\/2019\/09\/1-15-768x457.jpg 768w\" sizes=\"(max-width: 1000px) 100vw, 1000px\" \/><\/a>\n\t\t\t<\/div><\/figure><figure class='gallery-item'>\n\t\t\t<div class='gallery-icon landscape'>\n\t\t\t\t<a href='https:\/\/archive.sana.sy\/es\/wp-content\/uploads\/2019\/09\/2-11.jpg'><img loading=\"lazy\" decoding=\"async\" width=\"1000\" height=\"666\" src=\"https:\/\/archive.sana.sy\/es\/wp-content\/uploads\/2019\/09\/2-11.jpg\" class=\"attachment-full size-full\" alt=\"\" srcset=\"https:\/\/archive.sana.sy\/es\/wp-content\/uploads\/2019\/09\/2-11.jpg 1000w, https:\/\/archive.sana.sy\/es\/wp-content\/uploads\/2019\/09\/2-11-150x100.jpg 150w, https:\/\/archive.sana.sy\/es\/wp-content\/uploads\/2019\/09\/2-11-300x200.jpg 300w, https:\/\/archive.sana.sy\/es\/wp-content\/uploads\/2019\/09\/2-11-768x511.jpg 768w, https:\/\/archive.sana.sy\/es\/wp-content\/uploads\/2019\/09\/2-11-310x205.jpg 310w\" sizes=\"(max-width: 1000px) 100vw, 1000px\" \/><\/a>\n\t\t\t<\/div><\/figure><figure class='gallery-item'>\n\t\t\t<div class='gallery-icon landscape'>\n\t\t\t\t<a href='https:\/\/archive.sana.sy\/es\/wp-content\/uploads\/2019\/09\/3-9.jpg'><img loading=\"lazy\" decoding=\"async\" width=\"1000\" height=\"666\" src=\"https:\/\/archive.sana.sy\/es\/wp-content\/uploads\/2019\/09\/3-9.jpg\" class=\"attachment-full size-full\" alt=\"\" srcset=\"https:\/\/archive.sana.sy\/es\/wp-content\/uploads\/2019\/09\/3-9.jpg 1000w, https:\/\/archive.sana.sy\/es\/wp-content\/uploads\/2019\/09\/3-9-150x100.jpg 150w, https:\/\/archive.sana.sy\/es\/wp-content\/uploads\/2019\/09\/3-9-300x200.jpg 300w, https:\/\/archive.sana.sy\/es\/wp-content\/uploads\/2019\/09\/3-9-768x511.jpg 768w, https:\/\/archive.sana.sy\/es\/wp-content\/uploads\/2019\/09\/3-9-310x205.jpg 310w\" sizes=\"(max-width: 1000px) 100vw, 1000px\" \/><\/a>\n\t\t\t<\/div><\/figure><figure class='gallery-item'>\n\t\t\t<div class='gallery-icon landscape'>\n\t\t\t\t<a href='https:\/\/archive.sana.sy\/es\/wp-content\/uploads\/2019\/09\/4-9.jpg'><img loading=\"lazy\" decoding=\"async\" width=\"1000\" height=\"666\" src=\"https:\/\/archive.sana.sy\/es\/wp-content\/uploads\/2019\/09\/4-9.jpg\" class=\"attachment-full size-full\" alt=\"\" srcset=\"https:\/\/archive.sana.sy\/es\/wp-content\/uploads\/2019\/09\/4-9.jpg 1000w, https:\/\/archive.sana.sy\/es\/wp-content\/uploads\/2019\/09\/4-9-150x100.jpg 150w, https:\/\/archive.sana.sy\/es\/wp-content\/uploads\/2019\/09\/4-9-300x200.jpg 300w, https:\/\/archive.sana.sy\/es\/wp-content\/uploads\/2019\/09\/4-9-768x511.jpg 768w, https:\/\/archive.sana.sy\/es\/wp-content\/uploads\/2019\/09\/4-9-310x205.jpg 310w\" sizes=\"(max-width: 1000px) 100vw, 1000px\" \/><\/a>\n\t\t\t<\/div><\/figure><figure class='gallery-item'>\n\t\t\t<div class='gallery-icon landscape'>\n\t\t\t\t<a href='https:\/\/archive.sana.sy\/es\/wp-content\/uploads\/2019\/09\/5-8.jpg'><img loading=\"lazy\" decoding=\"async\" width=\"1000\" height=\"666\" src=\"https:\/\/archive.sana.sy\/es\/wp-content\/uploads\/2019\/09\/5-8.jpg\" class=\"attachment-full size-full\" alt=\"\" srcset=\"https:\/\/archive.sana.sy\/es\/wp-content\/uploads\/2019\/09\/5-8.jpg 1000w, https:\/\/archive.sana.sy\/es\/wp-content\/uploads\/2019\/09\/5-8-150x100.jpg 150w, https:\/\/archive.sana.sy\/es\/wp-content\/uploads\/2019\/09\/5-8-300x200.jpg 300w, https:\/\/archive.sana.sy\/es\/wp-content\/uploads\/2019\/09\/5-8-768x511.jpg 768w, https:\/\/archive.sana.sy\/es\/wp-content\/uploads\/2019\/09\/5-8-310x205.jpg 310w\" sizes=\"(max-width: 1000px) 100vw, 1000px\" \/><\/a>\n\t\t\t<\/div><\/figure><figure class='gallery-item'>\n\t\t\t<div class='gallery-icon landscape'>\n\t\t\t\t<a href='https:\/\/archive.sana.sy\/es\/wp-content\/uploads\/2019\/09\/15-1-660x330.jpg'><img loading=\"lazy\" decoding=\"async\" width=\"660\" height=\"330\" src=\"https:\/\/archive.sana.sy\/es\/wp-content\/uploads\/2019\/09\/15-1-660x330.jpg\" class=\"attachment-full size-full\" alt=\"\" srcset=\"https:\/\/archive.sana.sy\/es\/wp-content\/uploads\/2019\/09\/15-1-660x330.jpg 660w, https:\/\/archive.sana.sy\/es\/wp-content\/uploads\/2019\/09\/15-1-660x330-150x75.jpg 150w, https:\/\/archive.sana.sy\/es\/wp-content\/uploads\/2019\/09\/15-1-660x330-300x150.jpg 300w\" sizes=\"(max-width: 660px) 100vw, 660px\" \/><\/a>\n\t\t\t<\/div><\/figure><figure class='gallery-item'>\n\t\t\t<div class='gallery-icon landscape'>\n\t\t\t\t<a href='https:\/\/archive.sana.sy\/es\/wp-content\/uploads\/2019\/09\/21.jpg'><img loading=\"lazy\" decoding=\"async\" width=\"1000\" height=\"555\" src=\"https:\/\/archive.sana.sy\/es\/wp-content\/uploads\/2019\/09\/21.jpg\" class=\"attachment-full size-full\" alt=\"\" srcset=\"https:\/\/archive.sana.sy\/es\/wp-content\/uploads\/2019\/09\/21.jpg 1000w, https:\/\/archive.sana.sy\/es\/wp-content\/uploads\/2019\/09\/21-150x83.jpg 150w, https:\/\/archive.sana.sy\/es\/wp-content\/uploads\/2019\/09\/21-300x167.jpg 300w, https:\/\/archive.sana.sy\/es\/wp-content\/uploads\/2019\/09\/21-768x426.jpg 768w\" sizes=\"(max-width: 1000px) 100vw, 1000px\" \/><\/a>\n\t\t\t<\/div><\/figure><figure class='gallery-item'>\n\t\t\t<div class='gallery-icon landscape'>\n\t\t\t\t<a href='https:\/\/archive.sana.sy\/es\/wp-content\/uploads\/2019\/09\/3333.jpg'><img loading=\"lazy\" decoding=\"async\" width=\"660\" height=\"370\" src=\"https:\/\/archive.sana.sy\/es\/wp-content\/uploads\/2019\/09\/3333.jpg\" class=\"attachment-full size-full\" alt=\"\" srcset=\"https:\/\/archive.sana.sy\/es\/wp-content\/uploads\/2019\/09\/3333.jpg 660w, https:\/\/archive.sana.sy\/es\/wp-content\/uploads\/2019\/09\/3333-150x84.jpg 150w, https:\/\/archive.sana.sy\/es\/wp-content\/uploads\/2019\/09\/3333-300x168.jpg 300w\" sizes=\"(max-width: 660px) 100vw, 660px\" \/><\/a>\n\t\t\t<\/div><\/figure><figure class='gallery-item'>\n\t\t\t<div class='gallery-icon landscape'>\n\t\t\t\t<a href='https:\/\/archive.sana.sy\/es\/wp-content\/uploads\/2019\/09\/44444444.jpg'><img loading=\"lazy\" decoding=\"async\" width=\"660\" height=\"435\" src=\"https:\/\/archive.sana.sy\/es\/wp-content\/uploads\/2019\/09\/44444444.jpg\" class=\"attachment-full size-full\" alt=\"\" srcset=\"https:\/\/archive.sana.sy\/es\/wp-content\/uploads\/2019\/09\/44444444.jpg 660w, https:\/\/archive.sana.sy\/es\/wp-content\/uploads\/2019\/09\/44444444-150x99.jpg 150w, https:\/\/archive.sana.sy\/es\/wp-content\/uploads\/2019\/09\/44444444-300x198.jpg 300w, https:\/\/archive.sana.sy\/es\/wp-content\/uploads\/2019\/09\/44444444-310x205.jpg 310w\" sizes=\"(max-width: 660px) 100vw, 660px\" \/><\/a>\n\t\t\t<\/div><\/figure><figure class='gallery-item'>\n\t\t\t<div class='gallery-icon landscape'>\n\t\t\t\t<a href='https:\/\/archive.sana.sy\/es\/wp-content\/uploads\/2019\/09\/5555555555.jpg'><img loading=\"lazy\" decoding=\"async\" width=\"660\" height=\"387\" src=\"https:\/\/archive.sana.sy\/es\/wp-content\/uploads\/2019\/09\/5555555555.jpg\" class=\"attachment-full size-full\" alt=\"\" srcset=\"https:\/\/archive.sana.sy\/es\/wp-content\/uploads\/2019\/09\/5555555555.jpg 660w, https:\/\/archive.sana.sy\/es\/wp-content\/uploads\/2019\/09\/5555555555-150x88.jpg 150w, https:\/\/archive.sana.sy\/es\/wp-content\/uploads\/2019\/09\/5555555555-300x176.jpg 300w\" sizes=\"(max-width: 660px) 100vw, 660px\" \/><\/a>\n\t\t\t<\/div><\/figure><figure class='gallery-item'>\n\t\t\t<div class='gallery-icon landscape'>\n\t\t\t\t<a href='https:\/\/archive.sana.sy\/es\/wp-content\/uploads\/2019\/09\/6666666666.jpg'><img loading=\"lazy\" decoding=\"async\" width=\"660\" height=\"440\" src=\"https:\/\/archive.sana.sy\/es\/wp-content\/uploads\/2019\/09\/6666666666.jpg\" class=\"attachment-full size-full\" alt=\"\" srcset=\"https:\/\/archive.sana.sy\/es\/wp-content\/uploads\/2019\/09\/6666666666.jpg 660w, https:\/\/archive.sana.sy\/es\/wp-content\/uploads\/2019\/09\/6666666666-150x100.jpg 150w, https:\/\/archive.sana.sy\/es\/wp-content\/uploads\/2019\/09\/6666666666-300x200.jpg 300w\" sizes=\"(max-width: 660px) 100vw, 660px\" \/><\/a>\n\t\t\t<\/div><\/figure><figure class='gallery-item'>\n\t\t\t<div class='gallery-icon landscape'>\n\t\t\t\t<a href='https:\/\/archive.sana.sy\/es\/wp-content\/uploads\/2019\/09\/WAA3190.jpg'><img loading=\"lazy\" decoding=\"async\" width=\"3543\" height=\"2362\" src=\"https:\/\/archive.sana.sy\/es\/wp-content\/uploads\/2019\/09\/WAA3190.jpg\" class=\"attachment-full size-full\" alt=\"\" srcset=\"https:\/\/archive.sana.sy\/es\/wp-content\/uploads\/2019\/09\/WAA3190.jpg 3543w, https:\/\/archive.sana.sy\/es\/wp-content\/uploads\/2019\/09\/WAA3190-150x100.jpg 150w, https:\/\/archive.sana.sy\/es\/wp-content\/uploads\/2019\/09\/WAA3190-300x200.jpg 300w, https:\/\/archive.sana.sy\/es\/wp-content\/uploads\/2019\/09\/WAA3190-768x512.jpg 768w, https:\/\/archive.sana.sy\/es\/wp-content\/uploads\/2019\/09\/WAA3190-1024x683.jpg 1024w\" sizes=\"(max-width: 3543px) 100vw, 3543px\" \/><\/a>\n\t\t\t<\/div><\/figure><figure class='gallery-item'>\n\t\t\t<div class='gallery-icon landscape'>\n\t\t\t\t<a href='https:\/\/archive.sana.sy\/es\/wp-content\/uploads\/2019\/09\/WAA3257.jpg'><img loading=\"lazy\" decoding=\"async\" width=\"3543\" height=\"2143\" src=\"https:\/\/archive.sana.sy\/es\/wp-content\/uploads\/2019\/09\/WAA3257.jpg\" class=\"attachment-full size-full\" alt=\"\" srcset=\"https:\/\/archive.sana.sy\/es\/wp-content\/uploads\/2019\/09\/WAA3257.jpg 3543w, https:\/\/archive.sana.sy\/es\/wp-content\/uploads\/2019\/09\/WAA3257-150x91.jpg 150w, https:\/\/archive.sana.sy\/es\/wp-content\/uploads\/2019\/09\/WAA3257-300x181.jpg 300w, https:\/\/archive.sana.sy\/es\/wp-content\/uploads\/2019\/09\/WAA3257-768x465.jpg 768w, https:\/\/archive.sana.sy\/es\/wp-content\/uploads\/2019\/09\/WAA3257-1024x619.jpg 1024w\" sizes=\"(max-width: 3543px) 100vw, 3543px\" \/><\/a>\n\t\t\t<\/div><\/figure>\n\t\t<\/div>\n\n","protected":false},"excerpt":{"rendered":"<p>Damasco, SANA En el quinto d\u00eda de la 61\u00aa edici\u00f3n de la Feria Internacional de Damasco, m\u00e1s de 116 mil personas acudieron al recinto ferial, para visitar los diferentes pabellones nacionales e internacionales, y disfrutar de las actividades culturales, art\u00edsticas, musicales y recreativas que se est\u00e1n llevando a cabo en el marco de este gran &hellip;<\/p>\n","protected":false},"author":30,"featured_media":113866,"comment_status":"closed","ping_status":"closed","sticky":false,"template":"","format":"standard","meta":{"footnotes":""},"categories":[597,571,7541],"tags":[16390],"class_list":["post-113854","post","type-post","status-publish","format-standard","has-post-thumbnail","","category-cinta-de-noticias","category-siria-en-fotos","category-ultimas-noticias","tag-116-mil-personas-visitan-la-feria-internacional-de-damasco-en-su-quinto-dia"],"_links":{"self":[{"href":"https:\/\/archive.sana.sy\/es\/index.php?rest_route=\/wp\/v2\/posts\/113854"}],"collection":[{"href":"https:\/\/archive.sana.sy\/es\/index.php?rest_route=\/wp\/v2\/posts"}],"about":[{"href":"https:\/\/archive.sana.sy\/es\/index.php?rest_route=\/wp\/v2\/types\/post"}],"author":[{"embeddable":true,"href":"https:\/\/archive.sana.sy\/es\/index.php?rest_route=\/wp\/v2\/users\/30"}],"replies":[{"embeddable":true,"href":"https:\/\/archive.sana.sy\/es\/index.php?rest_route=%2Fwp%2Fv2%2Fcomments&post=113854"}],"version-history":[{"count":0,"href":"https:\/\/archive.sana.sy\/es\/index.php?rest_route=\/wp\/v2\/posts\/113854\/revisions"}],"wp:featuredmedia":[{"embeddable":true,"href":"https:\/\/archive.sana.sy\/es\/index.php?rest_route=\/wp\/v2\/media\/113866"}],"wp:attachment":[{"href":"https:\/\/archive.sana.sy\/es\/index.php?rest_route=%2Fwp%2Fv2%2Fmedia&parent=113854"}],"wp:term":[{"taxonomy":"category","embeddable":true,"href":"https:\/\/archive.sana.sy\/es\/index.php?rest_route=%2Fwp%2Fv2%2Fcategories&post=113854"},{"taxonomy":"post_tag","embeddable":true,"href":"https:\/\/archive.sana.sy\/es\/index.php?rest_route=%2Fwp%2Fv2%2Ftags&post=113854"}],"curies":[{"name":"wp","href":"https:\/\/api.w.org\/{rel}","templated":true}]}}