{"id":113887,"date":"2019-09-02T12:44:44","date_gmt":"2019-09-02T09:44:44","guid":{"rendered":"https:\/\/sana.sy\/es\/?p=113887"},"modified":"2019-09-02T12:44:44","modified_gmt":"2019-09-02T09:44:44","slug":"destacada-participacion-del-organo-de-apoyo-a-exportaciones-en-la-feria-internacional-de-damasco","status":"publish","type":"post","link":"https:\/\/archive.sana.sy\/es\/?p=113887","title":{"rendered":"Destacada participaci\u00f3n del \u00d3rgano de Apoyo a Exportaciones en la Feria Internacional de Damasco"},"content":{"rendered":"<p style=\"text-align: justify;\"><span style=\"color: #800000;\">Damasco, SANA<\/span><\/p>\n<p style=\"text-align: justify;\">En el pabell\u00f3n permanente del \u00d3rgano de Fomento a Exportaciones y Producci\u00f3n Nacional se presentan productos de la industria nacional alimentaria, qu\u00edmica, petroqu\u00edmica, agr\u00edcola y artesanal.<\/p>\n<p style=\"text-align: justify;\">En otros espacios del pabell\u00f3n, se ofrece una variedad de equipos electr\u00f3nicos, instrumentos de m\u00fasica oriental, cer\u00e1micas y piedras naturales.<\/p>\n<p style=\"text-align: justify;\">El pabell\u00f3n atrae a miles de visitantes locales, \u00e1rabes y extranjeros que buscan conocer los productos exportables de 98 compa\u00f1\u00edas participantes, 15 m\u00e1s que la anterior edici\u00f3n de la Feria Internacional de Damasco.<\/p>\n<p style=\"text-align: justify;\">Seg\u00fan Ibrahim Meda, director del \u00f3rgano, se efectuaron varios encuentros con industriales y comerciantes de varios pa\u00edses para discutir la posibilidad de intercambio comercial y la exportaci\u00f3n de productos sirios a los mercados exteriores.<\/p>\n<p style=\"text-align: justify;\">Explic\u00f3 que las medidas del ministerio de Econom\u00eda y Comercio Exterior para apoyar el sector de la exportaci\u00f3n llevaron a que los productos sirios llegaran a m\u00e1s de 100 pa\u00edses a pesar del asedio y las medidas coercitivas unilaterales impuestas contra Siria.<\/p>\n<p style=\"text-align: justify;\"><span style=\"color: #0000ff;\">E. Dubian\/ F. Marouf<\/span><\/p>\n<div id='gallery-1' class='gallery galleryid-113887 gallery-columns-1 gallery-size-full'><figure class='gallery-item'>\n\t\t\t<div class='gallery-icon landscape'>\n\t\t\t\t<a href='https:\/\/archive.sana.sy\/es\/wp-content\/uploads\/2019\/09\/11.jpg'><img loading=\"lazy\" decoding=\"async\" width=\"660\" height=\"439\" src=\"https:\/\/archive.sana.sy\/es\/wp-content\/uploads\/2019\/09\/11.jpg\" class=\"attachment-full size-full\" alt=\"\" srcset=\"https:\/\/archive.sana.sy\/es\/wp-content\/uploads\/2019\/09\/11.jpg 660w, https:\/\/archive.sana.sy\/es\/wp-content\/uploads\/2019\/09\/11-150x100.jpg 150w, https:\/\/archive.sana.sy\/es\/wp-content\/uploads\/2019\/09\/11-300x200.jpg 300w, https:\/\/archive.sana.sy\/es\/wp-content\/uploads\/2019\/09\/11-310x205.jpg 310w\" sizes=\"(max-width: 660px) 100vw, 660px\" \/><\/a>\n\t\t\t<\/div><\/figure><figure class='gallery-item'>\n\t\t\t<div class='gallery-icon landscape'>\n\t\t\t\t<a href='https:\/\/archive.sana.sy\/es\/wp-content\/uploads\/2019\/09\/15.jpg'><img loading=\"lazy\" decoding=\"async\" width=\"660\" height=\"439\" src=\"https:\/\/archive.sana.sy\/es\/wp-content\/uploads\/2019\/09\/15.jpg\" class=\"attachment-full size-full\" alt=\"\" srcset=\"https:\/\/archive.sana.sy\/es\/wp-content\/uploads\/2019\/09\/15.jpg 660w, https:\/\/archive.sana.sy\/es\/wp-content\/uploads\/2019\/09\/15-150x100.jpg 150w, https:\/\/archive.sana.sy\/es\/wp-content\/uploads\/2019\/09\/15-300x200.jpg 300w, https:\/\/archive.sana.sy\/es\/wp-content\/uploads\/2019\/09\/15-310x205.jpg 310w\" sizes=\"(max-width: 660px) 100vw, 660px\" \/><\/a>\n\t\t\t<\/div><\/figure><figure class='gallery-item'>\n\t\t\t<div class='gallery-icon landscape'>\n\t\t\t\t<a href='https:\/\/archive.sana.sy\/es\/wp-content\/uploads\/2019\/09\/16.jpg'><img loading=\"lazy\" decoding=\"async\" width=\"660\" height=\"439\" src=\"https:\/\/archive.sana.sy\/es\/wp-content\/uploads\/2019\/09\/16.jpg\" class=\"attachment-full size-full\" alt=\"\" srcset=\"https:\/\/archive.sana.sy\/es\/wp-content\/uploads\/2019\/09\/16.jpg 660w, https:\/\/archive.sana.sy\/es\/wp-content\/uploads\/2019\/09\/16-150x100.jpg 150w, https:\/\/archive.sana.sy\/es\/wp-content\/uploads\/2019\/09\/16-300x200.jpg 300w, https:\/\/archive.sana.sy\/es\/wp-content\/uploads\/2019\/09\/16-310x205.jpg 310w\" sizes=\"(max-width: 660px) 100vw, 660px\" \/><\/a>\n\t\t\t<\/div><\/figure><figure class='gallery-item'>\n\t\t\t<div class='gallery-icon landscape'>\n\t\t\t\t<a href='https:\/\/archive.sana.sy\/es\/wp-content\/uploads\/2019\/09\/18.jpg'><img loading=\"lazy\" decoding=\"async\" width=\"660\" height=\"439\" src=\"https:\/\/archive.sana.sy\/es\/wp-content\/uploads\/2019\/09\/18.jpg\" class=\"attachment-full size-full\" alt=\"\" srcset=\"https:\/\/archive.sana.sy\/es\/wp-content\/uploads\/2019\/09\/18.jpg 660w, https:\/\/archive.sana.sy\/es\/wp-content\/uploads\/2019\/09\/18-150x100.jpg 150w, https:\/\/archive.sana.sy\/es\/wp-content\/uploads\/2019\/09\/18-300x200.jpg 300w, https:\/\/archive.sana.sy\/es\/wp-content\/uploads\/2019\/09\/18-310x205.jpg 310w\" sizes=\"(max-width: 660px) 100vw, 660px\" \/><\/a>\n\t\t\t<\/div><\/figure>\n\t\t<\/div>\n\n","protected":false},"excerpt":{"rendered":"<p>Damasco, SANA En el pabell\u00f3n permanente del \u00d3rgano de Fomento a Exportaciones y Producci\u00f3n Nacional se presentan productos de la industria nacional alimentaria, qu\u00edmica, petroqu\u00edmica, agr\u00edcola y artesanal. En otros espacios del pabell\u00f3n, se ofrece una variedad de equipos electr\u00f3nicos, instrumentos de m\u00fasica oriental, cer\u00e1micas y piedras naturales. El pabell\u00f3n atrae a miles de visitantes &hellip;<\/p>\n","protected":false},"author":32,"featured_media":113889,"comment_status":"closed","ping_status":"closed","sticky":false,"template":"","format":"standard","meta":{"footnotes":""},"categories":[597,7541,1],"tags":[16393],"class_list":["post-113887","post","type-post","status-publish","format-standard","has-post-thumbnail","","category-cinta-de-noticias","category-ultimas-noticias","category-news-not-sorted","tag-destacada-participacion-del-organo-de-apoyo-a-exportaciones-en-la-feria-internacional-de-damasco"],"_links":{"self":[{"href":"https:\/\/archive.sana.sy\/es\/index.php?rest_route=\/wp\/v2\/posts\/113887"}],"collection":[{"href":"https:\/\/archive.sana.sy\/es\/index.php?rest_route=\/wp\/v2\/posts"}],"about":[{"href":"https:\/\/archive.sana.sy\/es\/index.php?rest_route=\/wp\/v2\/types\/post"}],"author":[{"embeddable":true,"href":"https:\/\/archive.sana.sy\/es\/index.php?rest_route=\/wp\/v2\/users\/32"}],"replies":[{"embeddable":true,"href":"https:\/\/archive.sana.sy\/es\/index.php?rest_route=%2Fwp%2Fv2%2Fcomments&post=113887"}],"version-history":[{"count":0,"href":"https:\/\/archive.sana.sy\/es\/index.php?rest_route=\/wp\/v2\/posts\/113887\/revisions"}],"wp:featuredmedia":[{"embeddable":true,"href":"https:\/\/archive.sana.sy\/es\/index.php?rest_route=\/wp\/v2\/media\/113889"}],"wp:attachment":[{"href":"https:\/\/archive.sana.sy\/es\/index.php?rest_route=%2Fwp%2Fv2%2Fmedia&parent=113887"}],"wp:term":[{"taxonomy":"category","embeddable":true,"href":"https:\/\/archive.sana.sy\/es\/index.php?rest_route=%2Fwp%2Fv2%2Fcategories&post=113887"},{"taxonomy":"post_tag","embeddable":true,"href":"https:\/\/archive.sana.sy\/es\/index.php?rest_route=%2Fwp%2Fv2%2Ftags&post=113887"}],"curies":[{"name":"wp","href":"https:\/\/api.w.org\/{rel}","templated":true}]}}