{"id":113900,"date":"2019-09-02T12:46:32","date_gmt":"2019-09-02T09:46:32","guid":{"rendered":"https:\/\/sana.sy\/es\/?p=113900"},"modified":"2019-09-02T13:47:14","modified_gmt":"2019-09-02T10:47:14","slug":"restablecido-el-servicio-electrico-en-mas-de-100-poblados-de-deraa","status":"publish","type":"post","link":"https:\/\/archive.sana.sy\/es\/?p=113900","title":{"rendered":"Restablecido el servicio el\u00e9ctrico en m\u00e1s de 100 poblados de Deraa"},"content":{"rendered":"<p class=\"m_-8532419486994793801ydp830162fyiv7587148528msonormal\" style=\"text-align: justify;\"><span style=\"color: #800000;\">Deraa, SANA<\/span><\/p>\n<p class=\"m_-8532419486994793801ydp830162fyiv7587148528msonormal\" style=\"text-align: justify;\">La Empresa de Electricidad en la provincia sure\u00f1a de Deraa restableci\u00f3 la electricidad en cuatro nuevas localidades, tras ser interrumpido este servicio durante varios a\u00f1os a consecuencia del terrorismo.<\/p>\n<p class=\"m_-8532419486994793801ydp830162fyiv7587148528msonormal\" style=\"text-align: justify;\">El gerente de la empresa, Ghassan Zamel, explic\u00f3 que el trabajo se est\u00e1 llevando a cabo en cooperaci\u00f3n con la comunidad local, y reafirm\u00f3 que las obras continuar\u00e1n para que ninguna comunidad en Deraa se quede sin este servicio.<\/p>\n<p class=\"m_-8532419486994793801ydp830162fyiv7587148528msonormal\" style=\"text-align: justify;\">Desde la liberaci\u00f3n de Deraa del terrorismo hace poco m\u00e1s de un a\u00f1o, la electricidad fue restablecida en 104 poblados y localidades.<\/p>\n<p class=\"m_-8532419486994793801ydp830162fyiv7587148528msonormal\" style=\"text-align: justify;\">El sector de la electricidad sufri\u00f3 severos da\u00f1os a consecuencia del terrorismo, lo cual llev\u00f3 a una movilizaci\u00f3n gubernamental para garantizar este servicio a la poblaci\u00f3n en las zonas liberadas de los grupos terroristas.<\/p>\n<p style=\"text-align: justify;\"><span style=\"color: #0000ff;\">F. Marouf\/ E. Dubian<\/span><\/p>\n","protected":false},"excerpt":{"rendered":"<p>Deraa, SANA La Empresa de Electricidad en la provincia sure\u00f1a de Deraa restableci\u00f3 la electricidad en cuatro nuevas localidades, tras ser interrumpido este servicio durante varios a\u00f1os a consecuencia del terrorismo. El gerente de la empresa, Ghassan Zamel, explic\u00f3 que el trabajo se est\u00e1 llevando a cabo en cooperaci\u00f3n con la comunidad local, y reafirm\u00f3 &hellip;<\/p>\n","protected":false},"author":32,"featured_media":113901,"comment_status":"closed","ping_status":"closed","sticky":false,"template":"","format":"standard","meta":{"footnotes":""},"categories":[597,7541],"tags":[16395],"class_list":["post-113900","post","type-post","status-publish","format-standard","has-post-thumbnail","","category-cinta-de-noticias","category-ultimas-noticias","tag-restablecido-el-servicio-electrico-en-mas-de-100-poblados-de-deraa"],"_links":{"self":[{"href":"https:\/\/archive.sana.sy\/es\/index.php?rest_route=\/wp\/v2\/posts\/113900"}],"collection":[{"href":"https:\/\/archive.sana.sy\/es\/index.php?rest_route=\/wp\/v2\/posts"}],"about":[{"href":"https:\/\/archive.sana.sy\/es\/index.php?rest_route=\/wp\/v2\/types\/post"}],"author":[{"embeddable":true,"href":"https:\/\/archive.sana.sy\/es\/index.php?rest_route=\/wp\/v2\/users\/32"}],"replies":[{"embeddable":true,"href":"https:\/\/archive.sana.sy\/es\/index.php?rest_route=%2Fwp%2Fv2%2Fcomments&post=113900"}],"version-history":[{"count":0,"href":"https:\/\/archive.sana.sy\/es\/index.php?rest_route=\/wp\/v2\/posts\/113900\/revisions"}],"wp:featuredmedia":[{"embeddable":true,"href":"https:\/\/archive.sana.sy\/es\/index.php?rest_route=\/wp\/v2\/media\/113901"}],"wp:attachment":[{"href":"https:\/\/archive.sana.sy\/es\/index.php?rest_route=%2Fwp%2Fv2%2Fmedia&parent=113900"}],"wp:term":[{"taxonomy":"category","embeddable":true,"href":"https:\/\/archive.sana.sy\/es\/index.php?rest_route=%2Fwp%2Fv2%2Fcategories&post=113900"},{"taxonomy":"post_tag","embeddable":true,"href":"https:\/\/archive.sana.sy\/es\/index.php?rest_route=%2Fwp%2Fv2%2Ftags&post=113900"}],"curies":[{"name":"wp","href":"https:\/\/api.w.org\/{rel}","templated":true}]}}