{"id":114277,"date":"2019-09-08T11:08:36","date_gmt":"2019-09-08T08:08:36","guid":{"rendered":"https:\/\/sana.sy\/es\/?p=114277"},"modified":"2019-09-08T11:08:36","modified_gmt":"2019-09-08T08:08:36","slug":"boletin-informativo-de-la-agencia-sana-de-las-noticias-del-domingo-08-de-septiembre","status":"publish","type":"post","link":"https:\/\/archive.sana.sy\/es\/?p=114277","title":{"rendered":"Bolet\u00edn Informativo de la agencia SANA de las noticias del domingo, 08 de septiembre"},"content":{"rendered":"<p style=\"text-align: justify\"><span style=\"color: #800000\">Damasco, SANA<\/span><\/p>\n<p style=\"text-align: justify\">Les ofrecemos a continuaci\u00f3n un resumen de las noticias nacionales e internacionales relativas a Siria y difundidas por nuestra agencia en las \u00faltimas 24 horas:<\/p>\n<p style=\"text-align: justify\"><span style=\"color: #0000ff\">Ej\u00e9rcito repeli\u00f3 ataque terrorista con tres drones en el noroeste de Hama<\/span><\/p>\n<p style=\"text-align: justify\">Los medios de defensa antia\u00e9rea en el ej\u00e9rcito sirio repelieron un ataque terrorista con drones contra una posici\u00f3n militar en la zona de la llanura al-Ghab, ubicada en el noroeste de la provincia central siria de Hama.<\/p>\n<p style=\"text-align: justify\">Los drones fueron neutralizados sin que provocaran bajas o p\u00e9rdidas.<\/p>\n<p style=\"text-align: justify\">\u201cNuestras bater\u00edas de defensa antia\u00e9rea interceptaron la noche del viernes tres drones cargados con proyectiles de explosivos, que fueron lanzados por las agrupaciones terroristas armadas sobre una posici\u00f3n militar en la llanura de al-Ghab\u201d, declar\u00f3 una fuente militar.<\/p>\n<p style=\"text-align: justify\">Detall\u00f3 dos de esos drones fueron destruidos, mientras el tercero fue neutralizado y desactivado, sin que logren estas naves la misi\u00f3n por la cual fueron enviados.<\/p>\n<p style=\"text-align: justify\">El ej\u00e9rcito hab\u00eda anunciado la aceptaci\u00f3n de un cese el fuego en la Zona de Distensi\u00f3n en Idleb a partir del 31 de agosto \u00faltimo, pero reserv\u00f3 el derecho a replicar a cualquier violaci\u00f3n.<\/p>\n<p style=\"text-align: justify\"><span style=\"color: #0000ff\">Comienza en Alepo Foro Internacional de Odontolog\u00eda<\/span><\/p>\n<p style=\"text-align: justify\">Con la participaci\u00f3n de mil 600 odont\u00f3logos de Siria y el mundo, comenzaron las reuniones del Foro Internacional de Alepo para Odontolog\u00eda que se celebra bajo el lema: \u201cNuevas pericias mundiales de Odontolog\u00eda\u201d.<\/p>\n<p style=\"text-align: justify\">En el evento, se impartir\u00e1n 43 conferencias y exposiciones de 35 empresas m\u00e9dicas internacionales que presentar\u00e1n sofisticados dispositivos y modernos f\u00e1rmacos en odontolog\u00eda.<\/p>\n<p style=\"text-align: justify\">Tambi\u00e9n, se celebrar\u00e1n durante dos d\u00edas, talleres de trabajo sobre el trasplante de dientes y su est\u00e9tica.<\/p>\n<p style=\"text-align: justify\">Los odont\u00f3logos participantes en el foro provienen de Siria, L\u00edbano, Jordania, Palestina, Egipto, Sud\u00e1n, Yemen, Mauritania, Alemania, Italia y Canad\u00e1.<\/p>\n<p style=\"text-align: justify\"><span style=\"color: #0000ff\">Hist\u00f3rica ciudad de Sednaya celebra el D\u00eda de la Virgen Mar\u00eda<\/span><\/p>\n<p style=\"text-align: justify\">La ciudad de Sednaya, 40 km al norte de la capital Damasco, celebr\u00f3 el D\u00eda de Nuestra Se\u00f1ora en el hist\u00f3rico monasterio de Sednaya.<\/p>\n<p style=\"text-align: justify\">La celebraci\u00f3n comenz\u00f3 con una procesi\u00f3n que recorri\u00f3 las calles de la ciudad y lleg\u00f3 al monasterio, donde se realiz\u00f3 una oraci\u00f3n en esta ocasi\u00f3n.<\/p>\n<p style=\"text-align: justify\">El Asistente Patriarcal del Patriarcado Ortodoxo de Antioqu\u00eda y todo Oriente, Luca Khoury, destac\u00f3 los significados sublimes de esta ceremonia y or\u00f3 para que Dios proteja a Siria y su pueblo, ej\u00e9rcito y l\u00edder.<\/p>\n<p style=\"text-align: justify\">La celebraci\u00f3n incluy\u00f3 actuaciones teatrales, art\u00edsticas y musicales, una iluminaci\u00f3n panor\u00e1mica del monasterio y fuegos artificiales.<\/p>\n<p style=\"text-align: justify\">El Monasterio incluye el icono de la Virgen Mar\u00eda pintado por San Lucas, yes uno de los cinco iconos pintados por este m\u00e9dico entre 63 y 67 dC en Jerusal\u00e9n.<\/p>\n<p style=\"text-align: justify\">Asistieron a la ceremonia decenas de miles de pobladores de Sednaya y otras provincias del pa\u00eds, adem\u00e1s de cientos de extranjeros.<\/p>\n<p style=\"text-align: justify\"><span style=\"color: #0000ff\">Milicias mercenarias de Washington secuestran cuatro civiles en el campo de Deir Ezzor<\/span><\/p>\n<p style=\"text-align: justify\">Las milicias mercenarias de la Coalici\u00f3n de Washington contin\u00faan sus pr\u00e1cticas intimidatorias contra los civiles en la regi\u00f3n siria de Al-Jazeera (Este del \u00c9ufrates).<\/p>\n<p style=\"text-align: justify\">La autodenominada milicia Fuerzas Democr\u00e1ticas de Siria (FDS) se empe\u00f1a en secuestrar a civiles y llevar a cabo incursiones, allanamientos y bombardeos contra las \u00e1reas residenciales bajo el pretexto de luchar contra la organizaci\u00f3n terrorista del Daesh.<\/p>\n<p style=\"text-align: justify\">Seg\u00fan informaron fuentes locales, fuerzas de la \u201cCoalici\u00f3n Internacional\u201d liderada por Washington fuera del marco del Consejo de Seguridad, irrumpieron con veh\u00edculos blindados en el pueblo de Kassar cerca del municipio de Busyra en el campo norte de la provincia de Deir Ezzor y secuestraron a cuatro civiles de una misma familia.<\/p>\n<p style=\"text-align: justify\">Se\u00f1alaron que el asalto comenz\u00f3 con intensos disparos para atemorizar a los residentes antes de asaltar una de las casas y secuestrar a los cuatro civiles y llevarlos a un paradero desconocido.<\/p>\n<p style=\"text-align: justify\">En la v\u00edspera, la milicia FDS arrest\u00f3 a dos j\u00f3venes en el vecindario Mashleb en la ciudad de Raqqa por razones desconocidas.<\/p>\n<p style=\"text-align: justify\">Asimismo, 25 j\u00f3venes de la ciudad de Hassakeh fueron arrestado por la misma milicia por delitos fabricados bajo el pretexto de trabajar para Daesh.<\/p>\n<p style=\"text-align: justify\">En la ciudad de Shadadi en el sur de Hassakeh, armados de la FDS expropiaron unas 14 casas y las entregaron a integrantes de esa milicia armada criminal.<\/p>\n<p style=\"text-align: justify\">Desde su creaci\u00f3n en agosto del 2014, la \u201cCoalici\u00f3n Internacional\u201d cometi\u00f3 docenas de masacres contra los sirios bombardeando \u00e1reas residenciales en Alepo, Deir Ezzor, Raqqa y Hassakeh, adem\u00e1s de destruir la infraestructura con el pretexto de combatir al Daesh.<\/p>\n<p style=\"text-align: justify\">Los hechos confirman el estrecho v\u00ednculo entre la Coalici\u00f3n Y la organizaci\u00f3n Takfirista ya que en muchas ocasiones los ataques de ambos contra el ej\u00e9rcito \u00e1rabe sirio han sido al mismo tiempo.<\/p>\n<p style=\"text-align: justify\"><span style=\"color: #0000ff\">Siria participa en Feria Internacional del Libro de Mosc\u00fa<\/span><\/p>\n<p style=\"text-align: justify\">La 32\u00aa edici\u00f3n de la Feria Internacional del Libro de Mosc\u00fa contin\u00faa sus actividades con la participaci\u00f3n de 33 pa\u00edses, incluyendo Siria, adem\u00e1s de cientos de editoriales rusas y extranjeras.<\/p>\n<p style=\"text-align: justify\">El director del pabell\u00f3n sirio, Alaa al-Mahdi, declar\u00f3 Siria participa en la Feria por tercer a\u00f1o consecutivo, se\u00f1alando el alto inter\u00e9s de los rusos por las exhibiciones del pabell\u00f3n sirio.<\/p>\n<p style=\"text-align: justify\"><span style=\"color: #0000ff\">Siete medallas para Siria en el Campeonato Internacional de Taekuondo<\/span><\/p>\n<p style=\"text-align: justify\">La selecci\u00f3n siria de Taekuondo conquist\u00f3 tres medallas de plata y cuatro de bronce en el primer d\u00eda del Campeonato Internacional de Beirut Open clasificado como G-1 por la Federaci\u00f3n Mundial de Taekuondo para las distintas categor\u00edas.<\/p>\n<p style=\"text-align: justify\">Las tres plateadas fueron ganadas por Nibal Dawalibi, Sami Hassan y Mohamed Baali. En cambio Abdurrahm\u00e1n Garaihi, Hamze Salame, Gana Sidawi y Roz Ibrahim conquistaron el bronce.<\/p>\n<p style=\"text-align: justify\"><span style=\"color: #0000ff\">F. Marouf\/ Ammar H.<\/span><\/p>\n","protected":false},"excerpt":{"rendered":"<p>Damasco, SANA Les ofrecemos a continuaci\u00f3n un resumen de las noticias nacionales e internacionales relativas a Siria y difundidas por nuestra agencia en las \u00faltimas 24 horas: Ej\u00e9rcito repeli\u00f3 ataque terrorista con tres drones en el noroeste de Hama Los medios de defensa antia\u00e9rea en el ej\u00e9rcito sirio repelieron un ataque terrorista con drones contra &hellip;<\/p>\n","protected":false},"author":30,"featured_media":113426,"comment_status":"closed","ping_status":"closed","sticky":false,"template":"","format":"standard","meta":{"footnotes":""},"categories":[555,597,7541],"tags":[16456],"class_list":["post-114277","post","type-post","status-publish","format-standard","has-post-thumbnail","","category-prensa","category-cinta-de-noticias","category-ultimas-noticias","tag-boletin-informativo-de-la-agencia-sana-de-las-noticias-del-domingo-08-de-septiembre"],"_links":{"self":[{"href":"https:\/\/archive.sana.sy\/es\/index.php?rest_route=\/wp\/v2\/posts\/114277"}],"collection":[{"href":"https:\/\/archive.sana.sy\/es\/index.php?rest_route=\/wp\/v2\/posts"}],"about":[{"href":"https:\/\/archive.sana.sy\/es\/index.php?rest_route=\/wp\/v2\/types\/post"}],"author":[{"embeddable":true,"href":"https:\/\/archive.sana.sy\/es\/index.php?rest_route=\/wp\/v2\/users\/30"}],"replies":[{"embeddable":true,"href":"https:\/\/archive.sana.sy\/es\/index.php?rest_route=%2Fwp%2Fv2%2Fcomments&post=114277"}],"version-history":[{"count":0,"href":"https:\/\/archive.sana.sy\/es\/index.php?rest_route=\/wp\/v2\/posts\/114277\/revisions"}],"wp:featuredmedia":[{"embeddable":true,"href":"https:\/\/archive.sana.sy\/es\/index.php?rest_route=\/wp\/v2\/media\/113426"}],"wp:attachment":[{"href":"https:\/\/archive.sana.sy\/es\/index.php?rest_route=%2Fwp%2Fv2%2Fmedia&parent=114277"}],"wp:term":[{"taxonomy":"category","embeddable":true,"href":"https:\/\/archive.sana.sy\/es\/index.php?rest_route=%2Fwp%2Fv2%2Fcategories&post=114277"},{"taxonomy":"post_tag","embeddable":true,"href":"https:\/\/archive.sana.sy\/es\/index.php?rest_route=%2Fwp%2Fv2%2Ftags&post=114277"}],"curies":[{"name":"wp","href":"https:\/\/api.w.org\/{rel}","templated":true}]}}