{"id":114354,"date":"2019-09-09T20:02:48","date_gmt":"2019-09-09T17:02:48","guid":{"rendered":"https:\/\/sana.sy\/es\/?p=114354"},"modified":"2019-09-09T20:02:48","modified_gmt":"2019-09-09T17:02:48","slug":"lavrov-reitera-la-necesidad-de-acabar-con-el-terrorismo-en-siria","status":"publish","type":"post","link":"https:\/\/archive.sana.sy\/es\/?p=114354","title":{"rendered":"Lavrov reitera la necesidad de acabar con el terrorismo en Siria"},"content":{"rendered":"<p><span style=\"color: #800000;\">Mosc\u00fa-SANA<\/span><\/p>\n<p style=\"text-align: justify;\">El Canciller de Rusia, Sergei Lavrov, ha ratificado la necesidad de realizar esfuerzos para erradicar el terrorismo en Siria y resolver la crisis en este pa\u00eds, de conforme con la resoluci\u00f3n 2254 de la ONU, adem\u00e1s de facilitar el retorno de los desplazados a su patria.<\/p>\n<p style=\"text-align: justify;\">&#8220;Nuestra opini\u00f3n coincidi\u00f3 en la necesidad de continuar combatiendo el terrorismo en Siria y avanzar en el proceso de arreglo a la crisis en este pa\u00eds, de conformidad con la Resoluci\u00f3n 2254 del Consejo de Seguridad\u00a8, dijo Lavrov en una conferencia de prensa este lunes en Mosc\u00fa con su hom\u00f3logo franc\u00e9s, Jean-Yves Le Drian.<\/p>\n<p style=\"text-align: justify;\">\u00a8Adem\u00e1s, hay que facilitar el regreso de los sirios desplazados a su pa\u00eds&#8221;, agreg\u00f3.<\/p>\n<p><span style=\"color: #0000ff;\">Y.K.\/ R. Rashed\u00a0<\/span><\/p>\n","protected":false},"excerpt":{"rendered":"<p>Mosc\u00fa-SANA El Canciller de Rusia, Sergei Lavrov, ha ratificado la necesidad de realizar esfuerzos para erradicar el terrorismo en Siria y resolver la crisis en este pa\u00eds, de conforme con la resoluci\u00f3n 2254 de la ONU, adem\u00e1s de facilitar el retorno de los desplazados a su patria. &#8220;Nuestra opini\u00f3n coincidi\u00f3 en la necesidad de continuar &hellip;<\/p>\n","protected":false},"author":31,"featured_media":114355,"comment_status":"closed","ping_status":"closed","sticky":false,"template":"","format":"standard","meta":{"footnotes":""},"categories":[597,467,7541],"tags":[16467],"class_list":["post-114354","post","type-post","status-publish","format-standard","has-post-thumbnail","","category-cinta-de-noticias","category-siria-y-el-mundo","category-ultimas-noticias","tag-lavrov-reitera-la-necesidad-de-acabar-con-el-terrorismo-en-siria"],"_links":{"self":[{"href":"https:\/\/archive.sana.sy\/es\/index.php?rest_route=\/wp\/v2\/posts\/114354"}],"collection":[{"href":"https:\/\/archive.sana.sy\/es\/index.php?rest_route=\/wp\/v2\/posts"}],"about":[{"href":"https:\/\/archive.sana.sy\/es\/index.php?rest_route=\/wp\/v2\/types\/post"}],"author":[{"embeddable":true,"href":"https:\/\/archive.sana.sy\/es\/index.php?rest_route=\/wp\/v2\/users\/31"}],"replies":[{"embeddable":true,"href":"https:\/\/archive.sana.sy\/es\/index.php?rest_route=%2Fwp%2Fv2%2Fcomments&post=114354"}],"version-history":[{"count":0,"href":"https:\/\/archive.sana.sy\/es\/index.php?rest_route=\/wp\/v2\/posts\/114354\/revisions"}],"wp:featuredmedia":[{"embeddable":true,"href":"https:\/\/archive.sana.sy\/es\/index.php?rest_route=\/wp\/v2\/media\/114355"}],"wp:attachment":[{"href":"https:\/\/archive.sana.sy\/es\/index.php?rest_route=%2Fwp%2Fv2%2Fmedia&parent=114354"}],"wp:term":[{"taxonomy":"category","embeddable":true,"href":"https:\/\/archive.sana.sy\/es\/index.php?rest_route=%2Fwp%2Fv2%2Fcategories&post=114354"},{"taxonomy":"post_tag","embeddable":true,"href":"https:\/\/archive.sana.sy\/es\/index.php?rest_route=%2Fwp%2Fv2%2Ftags&post=114354"}],"curies":[{"name":"wp","href":"https:\/\/api.w.org\/{rel}","templated":true}]}}