{"id":114357,"date":"2019-09-09T20:33:26","date_gmt":"2019-09-09T17:33:26","guid":{"rendered":"https:\/\/sana.sy\/es\/?p=114357"},"modified":"2019-09-09T22:34:00","modified_gmt":"2019-09-09T19:34:00","slug":"declaracion-final-del-3o-foro-sindical-internacional-de-solidaridad-con-los-trabajadores-y-el-pueblo-de-siria-lanzar-campana-sindical-internacional-para-romper-el-embargo-economico-contra-siria","status":"publish","type":"post","link":"https:\/\/archive.sana.sy\/es\/?p=114357","title":{"rendered":"Tercer Foro Sindical Internacional aprueba lanzamiento de campa\u00f1a sindical internacional para romper el bloqueo econ\u00f3mico contra Siria"},"content":{"rendered":"<p>Damasco-SANA<\/p>\n<p style=\"text-align: justify;\">Los participantes en el III Foro Sindical Internacional de Solidaridad con los Trabajadores y el Pueblo de Siria aprobaron el lanzamiento de una campa\u00f1a sindical internacional para romper el bloqueo econ\u00f3mico contra Siria.<\/p>\n<p style=\"text-align: justify;\">En una declaraci\u00f3n emitida al final de su foro que dur\u00f3 dos d\u00edas, representantes de m\u00e1s de 100 organizaciones sindicales de los cuatro continentes subrayaron la necesidad de ampliar la cooperaci\u00f3n entre todos los pa\u00edses a fin de luchar contra el terrorismo en todas sus formas.<\/p>\n<p style=\"text-align: justify;\">El texto de la declaraci\u00f3n condena la inhumana explotaci\u00f3n del tema de los refugiados y desplazados sirios, y refuta al mismo tiempo, los intentos de los pa\u00edses patrocinadores del terrorismo de obstaculizar el retorno de esos desplazados a su patria.<\/p>\n<p style=\"text-align: justify;\">De igual modo, los participantes repudiaron las pr\u00e1cticas agresivas de la milicia denominada Fuerzas Democr\u00e1ticas Sirias (FDS), y su complicidad con el r\u00e9gimen turco para crear una supuesta \u201czona segura\u201d en el nordeste de Siria.<\/p>\n<p style=\"text-align: justify;\">En este sentido, el documento final exhort\u00f3 el cierre de todas las bases militares estadounidense y turcas en el territorio sirio, y retirar todas las fuerzas for\u00e1neas presentes en Siria ilegalmente y poner fin a las incursiones a\u00e9reas de la coalici\u00f3n internacional contra las zonas pobladas.<\/p>\n<p><span style=\"color: #0000ff;\">Y.K.\/ F. Marouf\u00a0<\/span><\/p>\n","protected":false},"excerpt":{"rendered":"<p>Damasco-SANA Los participantes en el III Foro Sindical Internacional de Solidaridad con los Trabajadores y el Pueblo de Siria aprobaron el lanzamiento de una campa\u00f1a sindical internacional para romper el bloqueo econ\u00f3mico contra Siria. En una declaraci\u00f3n emitida al final de su foro que dur\u00f3 dos d\u00edas, representantes de m\u00e1s de 100 organizaciones sindicales de &hellip;<\/p>\n","protected":false},"author":1,"featured_media":114358,"comment_status":"closed","ping_status":"closed","sticky":false,"template":"","format":"standard","meta":{"footnotes":""},"categories":[597,476,7541],"tags":[16469],"class_list":["post-114357","post","type-post","status-publish","format-standard","has-post-thumbnail","","category-cinta-de-noticias","category-locales","category-ultimas-noticias","tag-tercer-foro-sindical-internacional-aprueba-lanzamiento-de-campana-sindical-internacional-para-romper-el-bloqueo-economico-contra-siria"],"_links":{"self":[{"href":"https:\/\/archive.sana.sy\/es\/index.php?rest_route=\/wp\/v2\/posts\/114357"}],"collection":[{"href":"https:\/\/archive.sana.sy\/es\/index.php?rest_route=\/wp\/v2\/posts"}],"about":[{"href":"https:\/\/archive.sana.sy\/es\/index.php?rest_route=\/wp\/v2\/types\/post"}],"author":[{"embeddable":true,"href":"https:\/\/archive.sana.sy\/es\/index.php?rest_route=\/wp\/v2\/users\/1"}],"replies":[{"embeddable":true,"href":"https:\/\/archive.sana.sy\/es\/index.php?rest_route=%2Fwp%2Fv2%2Fcomments&post=114357"}],"version-history":[{"count":0,"href":"https:\/\/archive.sana.sy\/es\/index.php?rest_route=\/wp\/v2\/posts\/114357\/revisions"}],"wp:featuredmedia":[{"embeddable":true,"href":"https:\/\/archive.sana.sy\/es\/index.php?rest_route=\/wp\/v2\/media\/114358"}],"wp:attachment":[{"href":"https:\/\/archive.sana.sy\/es\/index.php?rest_route=%2Fwp%2Fv2%2Fmedia&parent=114357"}],"wp:term":[{"taxonomy":"category","embeddable":true,"href":"https:\/\/archive.sana.sy\/es\/index.php?rest_route=%2Fwp%2Fv2%2Fcategories&post=114357"},{"taxonomy":"post_tag","embeddable":true,"href":"https:\/\/archive.sana.sy\/es\/index.php?rest_route=%2Fwp%2Fv2%2Ftags&post=114357"}],"curies":[{"name":"wp","href":"https:\/\/api.w.org\/{rel}","templated":true}]}}