{"id":114360,"date":"2019-09-09T21:38:11","date_gmt":"2019-09-09T18:38:11","guid":{"rendered":"https:\/\/sana.sy\/es\/?p=114360"},"modified":"2019-09-09T22:36:11","modified_gmt":"2019-09-09T19:36:11","slug":"al-assad-la-clase-obrera-representa-la-identidad-patriotica-y-nacional-de-cualquier-pais","status":"publish","type":"post","link":"https:\/\/archive.sana.sy\/es\/?p=114360","title":{"rendered":"Al-Assad: la clase obrera representa la identidad nacional de cualquier pa\u00eds"},"content":{"rendered":"<p>Damasco-SANA<\/p>\n<p style=\"text-align: justify;\">El presidente Bashar Al-Assad, se reuni\u00f3 con los participantes del III Foro Sindical Internacional de Solidaridad con los Trabajadores y el Pueblo de Siria que se celebr\u00f3 en Damasco.<\/p>\n<p style=\"text-align: justify;\">El Presidente Al-Assad destac\u00f3 la importancia del encuentro con los representantes de sindicatos y organizaciones de trabajadores, y aclar\u00f3 que la capa trabajadora es esencial en cualquier sociedad ya que representa la identidad nacional en cualquier pa\u00eds.<\/p>\n<p style=\"text-align: justify;\">Al-Assad hizo alusi\u00f3n al gran desequilibrio en el mundo de hoy y manifest\u00f3 que a pesar de que la fuerza productora representa el mayor espectro de la sociedad, sin embargo, no es part\u00edcipe en la toma de decisi\u00f3n ni siquiera en las ganancias.<\/p>\n<p style=\"text-align: justify;\">\u201cEso se debe a las acciones de las grandes transnacionales financieras que quieren controlar el mundo para lograr sus propios intereses a costa de la clase trabajadora que representa los intereses verdaderos de los pueblos\u201d, explic\u00f3 el mandatario sirio.<\/p>\n<p style=\"text-align: justify;\">Resalt\u00f3 el gran rol desempe\u00f1ado por los trabajadores sirios a lo largo de la historia, el cual sali\u00f3 a la luz en la defensa del pa\u00eds ante las organizaciones terroristas, sea mediante la continuaci\u00f3n de su trabajo a pesar de los peligros y amenazas o al defender sus puestos e instituciones de trabajo, y sus poblados y ciudades.<\/p>\n<p style=\"text-align: justify;\">\u201cLa visi\u00f3n de Siria siempre se ha bas\u00f3 en el hecho de que el trabajador representa una parte esencial de la sociedad y su rol es crucial para la estabilidad social y econ\u00f3mica\u201d, afirm\u00f3 Al-Assad.<\/p>\n<p style=\"text-align: justify;\">Tambi\u00e9n, indic\u00f3 que la construcci\u00f3n de la patria depende de la participaci\u00f3n de todos los espectros de la sociedad y los trabajadores representan el espectro m\u00e1s amplio.<\/p>\n<p style=\"text-align: justify;\">Luego, el presidente al-Assad respondi\u00f3 a las preguntas e intervenciones de los participantes en la reuni\u00f3n, quienes expresaron su confianza en la victoria de Siria sobre el terrorismo.<\/p>\n<p style=\"text-align: justify;\">Ratificaron su respaldo al pueblo sirio frente al injusto bloqueo impuesto en su contra por los pa\u00edses hostiles de Siria.<\/p>\n<div id='gallery-1' class='gallery galleryid-114360 gallery-columns-1 gallery-size-full'><figure class='gallery-item'>\n\t\t\t<div class='gallery-icon landscape'>\n\t\t\t\t<a href='https:\/\/archive.sana.sy\/es\/wp-content\/uploads\/2019\/09\/7-1.jpg'><img loading=\"lazy\" decoding=\"async\" width=\"660\" height=\"440\" src=\"https:\/\/archive.sana.sy\/es\/wp-content\/uploads\/2019\/09\/7-1.jpg\" class=\"attachment-full size-full\" alt=\"\" srcset=\"https:\/\/archive.sana.sy\/es\/wp-content\/uploads\/2019\/09\/7-1.jpg 660w, https:\/\/archive.sana.sy\/es\/wp-content\/uploads\/2019\/09\/7-1-150x100.jpg 150w, https:\/\/archive.sana.sy\/es\/wp-content\/uploads\/2019\/09\/7-1-300x200.jpg 300w\" sizes=\"(max-width: 660px) 100vw, 660px\" \/><\/a>\n\t\t\t<\/div><\/figure><figure class='gallery-item'>\n\t\t\t<div class='gallery-icon landscape'>\n\t\t\t\t<a href='https:\/\/archive.sana.sy\/es\/wp-content\/uploads\/2019\/09\/6-1.jpg'><img loading=\"lazy\" decoding=\"async\" width=\"660\" height=\"342\" src=\"https:\/\/archive.sana.sy\/es\/wp-content\/uploads\/2019\/09\/6-1.jpg\" class=\"attachment-full size-full\" alt=\"\" srcset=\"https:\/\/archive.sana.sy\/es\/wp-content\/uploads\/2019\/09\/6-1.jpg 660w, https:\/\/archive.sana.sy\/es\/wp-content\/uploads\/2019\/09\/6-1-150x78.jpg 150w, https:\/\/archive.sana.sy\/es\/wp-content\/uploads\/2019\/09\/6-1-300x155.jpg 300w\" sizes=\"(max-width: 660px) 100vw, 660px\" \/><\/a>\n\t\t\t<\/div><\/figure><figure class='gallery-item'>\n\t\t\t<div class='gallery-icon landscape'>\n\t\t\t\t<a href='https:\/\/archive.sana.sy\/es\/wp-content\/uploads\/2019\/09\/5-1.jpg'><img loading=\"lazy\" decoding=\"async\" width=\"660\" height=\"425\" src=\"https:\/\/archive.sana.sy\/es\/wp-content\/uploads\/2019\/09\/5-1.jpg\" class=\"attachment-full size-full\" alt=\"\" srcset=\"https:\/\/archive.sana.sy\/es\/wp-content\/uploads\/2019\/09\/5-1.jpg 660w, https:\/\/archive.sana.sy\/es\/wp-content\/uploads\/2019\/09\/5-1-150x97.jpg 150w, https:\/\/archive.sana.sy\/es\/wp-content\/uploads\/2019\/09\/5-1-300x193.jpg 300w\" sizes=\"(max-width: 660px) 100vw, 660px\" \/><\/a>\n\t\t\t<\/div><\/figure><figure class='gallery-item'>\n\t\t\t<div class='gallery-icon landscape'>\n\t\t\t\t<a href='https:\/\/archive.sana.sy\/es\/wp-content\/uploads\/2019\/09\/4-1.jpg'><img loading=\"lazy\" decoding=\"async\" width=\"660\" height=\"417\" src=\"https:\/\/archive.sana.sy\/es\/wp-content\/uploads\/2019\/09\/4-1.jpg\" class=\"attachment-full size-full\" alt=\"\" srcset=\"https:\/\/archive.sana.sy\/es\/wp-content\/uploads\/2019\/09\/4-1.jpg 660w, https:\/\/archive.sana.sy\/es\/wp-content\/uploads\/2019\/09\/4-1-150x95.jpg 150w, https:\/\/archive.sana.sy\/es\/wp-content\/uploads\/2019\/09\/4-1-300x190.jpg 300w\" sizes=\"(max-width: 660px) 100vw, 660px\" \/><\/a>\n\t\t\t<\/div><\/figure><figure class='gallery-item'>\n\t\t\t<div class='gallery-icon landscape'>\n\t\t\t\t<a href='https:\/\/archive.sana.sy\/es\/wp-content\/uploads\/2019\/09\/3.jpg'><img loading=\"lazy\" decoding=\"async\" width=\"660\" height=\"413\" src=\"https:\/\/archive.sana.sy\/es\/wp-content\/uploads\/2019\/09\/3.jpg\" class=\"attachment-full size-full\" alt=\"\" srcset=\"https:\/\/archive.sana.sy\/es\/wp-content\/uploads\/2019\/09\/3.jpg 660w, https:\/\/archive.sana.sy\/es\/wp-content\/uploads\/2019\/09\/3-150x94.jpg 150w, https:\/\/archive.sana.sy\/es\/wp-content\/uploads\/2019\/09\/3-300x188.jpg 300w\" sizes=\"(max-width: 660px) 100vw, 660px\" \/><\/a>\n\t\t\t<\/div><\/figure><figure class='gallery-item'>\n\t\t\t<div class='gallery-icon landscape'>\n\t\t\t\t<a href='https:\/\/archive.sana.sy\/es\/wp-content\/uploads\/2019\/09\/2.jpg'><img loading=\"lazy\" decoding=\"async\" width=\"660\" height=\"370\" src=\"https:\/\/archive.sana.sy\/es\/wp-content\/uploads\/2019\/09\/2.jpg\" class=\"attachment-full size-full\" alt=\"\" srcset=\"https:\/\/archive.sana.sy\/es\/wp-content\/uploads\/2019\/09\/2.jpg 660w, https:\/\/archive.sana.sy\/es\/wp-content\/uploads\/2019\/09\/2-150x84.jpg 150w, https:\/\/archive.sana.sy\/es\/wp-content\/uploads\/2019\/09\/2-300x168.jpg 300w\" sizes=\"(max-width: 660px) 100vw, 660px\" \/><\/a>\n\t\t\t<\/div><\/figure>\n\t\t<\/div>\n\n<p><span style=\"color: #000000;\">Y.K.\/ F. Marouf\u00a0<\/span><\/p>\n","protected":false},"excerpt":{"rendered":"<p>Damasco-SANA El presidente Bashar Al-Assad, se reuni\u00f3 con los participantes del III Foro Sindical Internacional de Solidaridad con los Trabajadores y el Pueblo de Siria que se celebr\u00f3 en Damasco. El Presidente Al-Assad destac\u00f3 la importancia del encuentro con los representantes de sindicatos y organizaciones de trabajadores, y aclar\u00f3 que la capa trabajadora es esencial &hellip;<\/p>\n","protected":false},"author":1,"featured_media":114362,"comment_status":"closed","ping_status":"closed","sticky":false,"template":"","format":"standard","meta":{"footnotes":""},"categories":[597,16237,583],"tags":[16470],"class_list":["post-114360","post","type-post","status-publish","format-standard","has-post-thumbnail","","category-cinta-de-noticias","category-presidence-de-la-republique-arabe-syria","category-slide","tag-al-assad-la-clase-obrera-representa-la-identidad-nacional-de-cualquier-pais"],"_links":{"self":[{"href":"https:\/\/archive.sana.sy\/es\/index.php?rest_route=\/wp\/v2\/posts\/114360"}],"collection":[{"href":"https:\/\/archive.sana.sy\/es\/index.php?rest_route=\/wp\/v2\/posts"}],"about":[{"href":"https:\/\/archive.sana.sy\/es\/index.php?rest_route=\/wp\/v2\/types\/post"}],"author":[{"embeddable":true,"href":"https:\/\/archive.sana.sy\/es\/index.php?rest_route=\/wp\/v2\/users\/1"}],"replies":[{"embeddable":true,"href":"https:\/\/archive.sana.sy\/es\/index.php?rest_route=%2Fwp%2Fv2%2Fcomments&post=114360"}],"version-history":[{"count":0,"href":"https:\/\/archive.sana.sy\/es\/index.php?rest_route=\/wp\/v2\/posts\/114360\/revisions"}],"wp:featuredmedia":[{"embeddable":true,"href":"https:\/\/archive.sana.sy\/es\/index.php?rest_route=\/wp\/v2\/media\/114362"}],"wp:attachment":[{"href":"https:\/\/archive.sana.sy\/es\/index.php?rest_route=%2Fwp%2Fv2%2Fmedia&parent=114360"}],"wp:term":[{"taxonomy":"category","embeddable":true,"href":"https:\/\/archive.sana.sy\/es\/index.php?rest_route=%2Fwp%2Fv2%2Fcategories&post=114360"},{"taxonomy":"post_tag","embeddable":true,"href":"https:\/\/archive.sana.sy\/es\/index.php?rest_route=%2Fwp%2Fv2%2Ftags&post=114360"}],"curies":[{"name":"wp","href":"https:\/\/api.w.org\/{rel}","templated":true}]}}