{"id":114371,"date":"2019-09-09T22:31:31","date_gmt":"2019-09-09T19:31:31","guid":{"rendered":"https:\/\/sana.sy\/es\/?p=114371"},"modified":"2019-09-09T22:31:31","modified_gmt":"2019-09-09T19:31:31","slug":"shoigu-el-terrorismo-en-siria-amenaza-otras-zonas-del-mundo","status":"publish","type":"post","link":"https:\/\/archive.sana.sy\/es\/?p=114371","title":{"rendered":"Shoigu: El terrorismo en Siria amenaza otras zonas del mundo"},"content":{"rendered":"<p><span style=\"color: #800000;\">Mosc\u00fa-SANA<\/span><\/p>\n<p style=\"text-align: justify;\">El ministro de Defensa de Rusia, Sergei Shoigu, afirm\u00f3 que las organizaciones terroristas en Siria representan una amenaza para otras regiones del mundo, subrayando la necesidad de no permitir a los terroristas trasladarse a otros lugares.<\/p>\n<p style=\"text-align: justify;\">&#8220;Discutimos la situaci\u00f3n en Siria, as\u00ed como en \u00c1frica del Norte y Sahel, porque esas dos regiones podr\u00edan convertirse en una nueva base para los terroristas, incluso para los terroristas expulsados de Siria&#8221;, dijo Shoigu en una conferencia de prensa tras una reuni\u00f3n bilateral de ministros de Defensa y Asuntos Exteriores de Rusia y Francia este lunes en Mosc\u00fa.<\/p>\n<p><span style=\"color: #0000ff;\">R. Rashed\/ Y.K.\u00a0<\/span><\/p>\n","protected":false},"excerpt":{"rendered":"<p>Mosc\u00fa-SANA El ministro de Defensa de Rusia, Sergei Shoigu, afirm\u00f3 que las organizaciones terroristas en Siria representan una amenaza para otras regiones del mundo, subrayando la necesidad de no permitir a los terroristas trasladarse a otros lugares. &#8220;Discutimos la situaci\u00f3n en Siria, as\u00ed como en \u00c1frica del Norte y Sahel, porque esas dos regiones podr\u00edan &hellip;<\/p>\n","protected":false},"author":31,"featured_media":114372,"comment_status":"closed","ping_status":"closed","sticky":false,"template":"","format":"standard","meta":{"footnotes":""},"categories":[597,467],"tags":[16468],"class_list":["post-114371","post","type-post","status-publish","format-standard","has-post-thumbnail","","category-cinta-de-noticias","category-siria-y-el-mundo","tag-shoigu-el-terrorismo-en-siria-amenaza-otras-zonas-del-mundo"],"_links":{"self":[{"href":"https:\/\/archive.sana.sy\/es\/index.php?rest_route=\/wp\/v2\/posts\/114371"}],"collection":[{"href":"https:\/\/archive.sana.sy\/es\/index.php?rest_route=\/wp\/v2\/posts"}],"about":[{"href":"https:\/\/archive.sana.sy\/es\/index.php?rest_route=\/wp\/v2\/types\/post"}],"author":[{"embeddable":true,"href":"https:\/\/archive.sana.sy\/es\/index.php?rest_route=\/wp\/v2\/users\/31"}],"replies":[{"embeddable":true,"href":"https:\/\/archive.sana.sy\/es\/index.php?rest_route=%2Fwp%2Fv2%2Fcomments&post=114371"}],"version-history":[{"count":0,"href":"https:\/\/archive.sana.sy\/es\/index.php?rest_route=\/wp\/v2\/posts\/114371\/revisions"}],"wp:featuredmedia":[{"embeddable":true,"href":"https:\/\/archive.sana.sy\/es\/index.php?rest_route=\/wp\/v2\/media\/114372"}],"wp:attachment":[{"href":"https:\/\/archive.sana.sy\/es\/index.php?rest_route=%2Fwp%2Fv2%2Fmedia&parent=114371"}],"wp:term":[{"taxonomy":"category","embeddable":true,"href":"https:\/\/archive.sana.sy\/es\/index.php?rest_route=%2Fwp%2Fv2%2Fcategories&post=114371"},{"taxonomy":"post_tag","embeddable":true,"href":"https:\/\/archive.sana.sy\/es\/index.php?rest_route=%2Fwp%2Fv2%2Ftags&post=114371"}],"curies":[{"name":"wp","href":"https:\/\/api.w.org\/{rel}","templated":true}]}}