{"id":114377,"date":"2019-09-10T10:11:19","date_gmt":"2019-09-10T07:11:19","guid":{"rendered":"https:\/\/sana.sy\/es\/?p=114377"},"modified":"2019-09-10T10:12:25","modified_gmt":"2019-09-10T07:12:25","slug":"boletin-informativo-de-la-agencia-sana-de-las-noticias-del-martes-10-de-septiembre","status":"publish","type":"post","link":"https:\/\/archive.sana.sy\/es\/?p=114377","title":{"rendered":"Bolet\u00edn Informativo de la agencia SANA de las noticias del martes, 10 de septiembre"},"content":{"rendered":"<p style=\"text-align: justify;\"><span style=\"color: #800000;\">Damasco, SANA<\/span><\/p>\n<p style=\"text-align: justify;\">Les ofrecemos a continuaci\u00f3n un resumen de las noticias nacionales e internacionales relativas a Siria y difundidas por nuestra agencia en las \u00faltimas 24 horas:<\/p>\n<p style=\"text-align: justify;\"><span style=\"color: #0000ff;\">Al-Assad: la clase obrera representa la identidad nacional de cualquier pa\u00eds<\/span><\/p>\n<p style=\"text-align: justify;\">El presidente Bashar Al-Assad, se reuni\u00f3 con los participantes del III Foro Sindical Internacional de Solidaridad con los Trabajadores y el Pueblo de Siria que se celebr\u00f3 en Damasco.<\/p>\n<p style=\"text-align: justify;\">El Presidente Al-Assad destac\u00f3 la importancia del encuentro con los representantes de sindicatos y organizaciones de trabajadores, y aclar\u00f3 que la capa trabajadora es esencial en cualquier sociedad ya que representa la identidad nacional en cualquier pa\u00eds.<\/p>\n<p style=\"text-align: justify;\">Al-Assad hizo alusi\u00f3n al gran desequilibrio en el mundo de hoy y manifest\u00f3 que a pesar de que la fuerza productora representa el mayor espectro de la sociedad, sin embargo, no es part\u00edcipe en la toma de decisi\u00f3n ni siquiera en las ganancias.<\/p>\n<p style=\"text-align: justify;\">\u201cEso se debe a las acciones de las grandes transnacionales financieras que quieren controlar el mundo para lograr sus propios intereses a costa de la clase trabajadora que representa los intereses verdaderos de los pueblos\u201d, explic\u00f3 el mandatario sirio.<\/p>\n<p style=\"text-align: justify;\">Resalt\u00f3 el gran rol desempe\u00f1ado por los trabajadores sirios a lo largo de la historia, el cual sali\u00f3 a la luz en la defensa del pa\u00eds ante las organizaciones terroristas, sea mediante la continuaci\u00f3n de su trabajo a pesar delos peligros y amenazas o al defender sus puestos e instituciones de trabajo, y sus poblados y ciudades.<\/p>\n<p style=\"text-align: justify;\">\u201cLa visi\u00f3n de Siria siempre se ha bas\u00f3 en el hecho de que el trabajador representa una parte esencial de la sociedad y su rol es crucial para la estabilidad social y econ\u00f3mica\u201d, afirm\u00f3 Al-Assad.<\/p>\n<p style=\"text-align: justify;\">Tambi\u00e9n, indic\u00f3 que la construcci\u00f3n de la patria depende de la participaci\u00f3n de todos los espectros de la sociedad y los trabajadores representan el espectro m\u00e1s amplio.<\/p>\n<p style=\"text-align: justify;\">Luego, el presidente al-Assad respondi\u00f3 a las preguntas e intervenciones de los participantes en la reuni\u00f3n, quienes expresaron su confianza en la victoria de Siria sobre el terrorismo.<\/p>\n<p style=\"text-align: justify;\">Ratificaron su respaldo al pueblo sirio frente al injusto bloqueo impuesto en su contra por los pa\u00edses hostiles de Siria.<\/p>\n<p style=\"text-align: justify;\"><span style=\"color: #0000ff;\">Tercer Foro Sindical Internacional aprueba lanzamiento de campa\u00f1a sindical internacional para romper el bloqueo econ\u00f3mico contra Siria<\/span><\/p>\n<p style=\"text-align: justify;\">Los participantes en el III Foro Sindical Internacional de Solidaridad con los Trabajadores y el Pueblo de Siria aprobaron el lanzamiento de una campa\u00f1a sindical internacional para romper el bloqueo econ\u00f3mico contra Siria.<\/p>\n<p style=\"text-align: justify;\">En una declaraci\u00f3n emitida al final de su foro que dur\u00f3 dos d\u00edas, representantes de m\u00e1s de 100 organizaciones sindicales de los cuatro continentes subrayaron la necesidad de ampliar la cooperaci\u00f3n entre todos los pa\u00edses a fin de luchar contra el terrorismo en todas sus formas.<\/p>\n<p style=\"text-align: justify;\">El texto de la declaraci\u00f3n condena la inhumana explotaci\u00f3n del tema de los refugiados y desplazados sirios, y refuta al mismo tiempo, los intentos de los pa\u00edses patrocinadores del terrorismo de obstaculizar el retorno de esos desplazados a su patria.<\/p>\n<p style=\"text-align: justify;\">De igual modo, los participantes repudiaron las pr\u00e1cticas agresivas de la milicia denominada Fuerzas Democr\u00e1ticas Sirias (FDS), y su complicidad con el r\u00e9gimen turco para crear una supuesta \u201czona segura\u201d en el nordeste de Siria.<\/p>\n<p style=\"text-align: justify;\">En este sentido, el documento final exhort\u00f3 el cierre de todas las bases militares estadounidense y turcas en el territorio sirio, y retirar todas las fuerzas for\u00e1neas presentes en Siria ilegalmente y poner fin a las incursiones a\u00e9reas de la coalici\u00f3n internacional contra las zonas pobladas.<\/p>\n<p style=\"text-align: justify;\"><span style=\"color: #0000ff;\">Brasil apoya a Siria en su lucha contra el terrorismo.<\/span><\/p>\n<p style=\"text-align: justify;\">La Embajada de Brasil en Damasco organiz\u00f3 una recepci\u00f3n con motivo del 197 aniversario del D\u00eda Nacional de esta naci\u00f3n sudamericana.<\/p>\n<p style=\"text-align: justify;\">El embajador brasile\u00f1o Fabio Petaluka, pronunci\u00f3 unas palabras en las que ratific\u00f3 las profundas relaciones de amistad entre Siria y Brasil.<\/p>\n<p style=\"text-align: justify;\">\u201cBrasil respalda a Siria en su lucha antiterrorista y reafirma la necesidad de apoyar los procesos de reconstrucci\u00f3n y reconciliaci\u00f3n nacional\u201d, dijo el diplom\u00e1tico.<\/p>\n<p style=\"text-align: justify;\">Se\u00f1al\u00f3 que Siria pertenece a los sirios y el pueblo sirio es el que tiene el exclusivo derecho de decidir su futuro.<\/p>\n<p style=\"text-align: justify;\">Petaluka felicit\u00f3 a Siria por el \u00e9xito de la 61\u00aa edici\u00f3n de la Feria Internacional de Damasco, y resalt\u00f3 la participaci\u00f3n de su pa\u00eds en este evento y la necesidad de continuar los contactos bilaterales para mejorar el intercambio comercial entre los dos pa\u00edses.<\/p>\n<p style=\"text-align: justify;\">Enfatiz\u00f3 que su pa\u00eds defiende el derecho internacional, el multilateralismo, la Carta de las Naciones Unidas y su trabajo por la paz mundial, el di\u00e1logo, la estabilidad y el entendimiento.<\/p>\n<p style=\"text-align: justify;\">Por su parte, el Ministro Asistente de Exteriores y Expatriados, Ayman Sousan, elogi\u00f3 el apoyo de Brasil a Siria en la lucha contra los grupos terroristas radicales y acogi\u00f3 la contribuci\u00f3n de Brasil a la reconstrucci\u00f3n de lo destruido por el terrorismo.<\/p>\n<p style=\"text-align: justify;\">\u201cLas relaciones amistosas entre Siria y Brasil se basan en cimientos s\u00f3lidas de respeto mutuo, compromiso con el derecho internacional y el logro de la estabilidad en el mundo\u201d, agreg\u00f3.<\/p>\n<p style=\"text-align: justify;\">El alto diplom\u00e1tico sirio sobresalt\u00f3 las posturas y pol\u00edticas de Brasil en apoyo al derecho, la justicia y la soluci\u00f3n pac\u00edfica de los asuntos internacionales de conformidad con el derecho internacional.<\/p>\n<p style=\"text-align: justify;\">Destac\u00f3 la importancia del papel de Brasil a nivel mundial por ser miembro del grupo BRICS y su contribuci\u00f3n para garantizar la seguridad, la paz y la estabilidad en el mundo.<\/p>\n<p style=\"text-align: justify;\"><span style=\"color: #0000ff;\">Lavrov reitera necesidad de acabar con el terrorismo en Siria<\/span><\/p>\n<p style=\"text-align: justify;\">El ministro de Exteriores de Rusia, Sergei Lavrov, ratific\u00f3 la necesidad de realizar esfuerzos para erradicar el terrorismo en Siria y resolver la crisis en este pa\u00eds, de conforme con la resoluci\u00f3n 2254 de la ONU, adem\u00e1s de facilitar el retorno de los desplazados a su patria.<\/p>\n<p style=\"text-align: justify;\">\u201cNuestra opini\u00f3n coincidi\u00f3 en la necesidad de continuar combatiendo el terrorismo en Siria y avanzar en el proceso de arreglo a la crisis en este pa\u00eds&#8221;, dijo Lavrov en una conferencia de prensa en Mosc\u00fa con su hom\u00f3logo franc\u00e9s, Jean-Yves Le Drian.<\/p>\n<p style=\"text-align: justify;\">Agreg\u00f3 que &#8220;hay que facilitar el regreso de los sirios desplazados a su pa\u00eds.<\/p>\n<p style=\"text-align: justify;\"><span style=\"color: #0000ff;\">MLRS entrega ayuda humanitaria al campamento de al-Rukban<\/span><\/p>\n<p style=\"text-align: justify;\">La Organizaci\u00f3n de la Media Luna Roja Siria (MLRS), en colaboraci\u00f3n con las Naciones Unidas, envi\u00f3 un convoy de ayuda humanitaria al campamento Rukban, ubicado en la zona de Tanef, en las fronteras entre Siria, Jordania.<\/p>\n<p style=\"text-align: justify;\">Un comunicado de la MLRS explic\u00f3 que el convoy es de 22 camiones cargados con tres mil 100 canastas alimentarias, tres mil 100 sacos de harina de 50 Kg, adem\u00e1s de galletas de d\u00e1tiles y mantequilla de cacahuete.<\/p>\n<p style=\"text-align: justify;\">Est\u00e1n desplegadas en la zona de Tanef, las fuerzas de ocupaci\u00f3n estadounidense junto a grupos terroristas patrocinados por este pa\u00eds que impiden que se ponga fin a la catastr\u00f3fica situaci\u00f3n humanitaria de los desplazados que residen en el campamento.<\/p>\n<p style=\"text-align: justify;\"><span style=\"color: #0000ff;\">Las milicias de FDS contin\u00faan sus pr\u00e1cticas de secuestro, expropiaci\u00f3n de casas y represi\u00f3n<\/span><\/p>\n<p style=\"text-align: justify;\">Elementos de la autodenominada milicia FDS, apoyada por las tropas de ocupaci\u00f3n estadounidenses, secuestraron a Yasser al-Salem miembro del Comit\u00e9 T\u00e9cnico de Culturismo y Juegos de Fuerza en la Federaci\u00f3n Deportiva de Hassakeh, y a dos maestros despu\u00e9s de romper en sus casas en la ciudad de Hassakeh.<\/p>\n<p style=\"text-align: justify;\">Estos secuestros forman parte de las hostilidades cotidianas que comete esa milicia contra los civiles en la regi\u00f3n nororiental de Siria conocida como Al-Jazeera.<\/p>\n<p style=\"text-align: justify;\">Las pr\u00e1cticas opresivas como arrestos, secuestros y expropiaci\u00f3n de casas pertenecientes a los ciudadanos bajo inconsistentes pretextos se han convertido en un m\u00e9todo habitual de esa milicia libertina que busca someter a la poblaci\u00f3n de la regi\u00f3n oriental con la fuerza de las armas en funci\u00f3n de su agenda hostil a los sirios.<\/p>\n<p><span style=\"color: #0000ff;\">F. Marouf\/ R. Rashed\u00a0<\/span><\/p>\n","protected":false},"excerpt":{"rendered":"<p>Damasco, SANA Les ofrecemos a continuaci\u00f3n un resumen de las noticias nacionales e internacionales relativas a Siria y difundidas por nuestra agencia en las \u00faltimas 24 horas: Al-Assad: la clase obrera representa la identidad nacional de cualquier pa\u00eds El presidente Bashar Al-Assad, se reuni\u00f3 con los participantes del III Foro Sindical Internacional de Solidaridad con &hellip;<\/p>\n","protected":false},"author":31,"featured_media":114378,"comment_status":"closed","ping_status":"closed","sticky":false,"template":"","format":"standard","meta":{"footnotes":""},"categories":[555,597,7541],"tags":[16471],"class_list":["post-114377","post","type-post","status-publish","format-standard","has-post-thumbnail","","category-prensa","category-cinta-de-noticias","category-ultimas-noticias","tag-boletin-informativo-de-la-agencia-sana-de-las-noticias-del-martes-10-de-septiembre"],"_links":{"self":[{"href":"https:\/\/archive.sana.sy\/es\/index.php?rest_route=\/wp\/v2\/posts\/114377"}],"collection":[{"href":"https:\/\/archive.sana.sy\/es\/index.php?rest_route=\/wp\/v2\/posts"}],"about":[{"href":"https:\/\/archive.sana.sy\/es\/index.php?rest_route=\/wp\/v2\/types\/post"}],"author":[{"embeddable":true,"href":"https:\/\/archive.sana.sy\/es\/index.php?rest_route=\/wp\/v2\/users\/31"}],"replies":[{"embeddable":true,"href":"https:\/\/archive.sana.sy\/es\/index.php?rest_route=%2Fwp%2Fv2%2Fcomments&post=114377"}],"version-history":[{"count":0,"href":"https:\/\/archive.sana.sy\/es\/index.php?rest_route=\/wp\/v2\/posts\/114377\/revisions"}],"wp:featuredmedia":[{"embeddable":true,"href":"https:\/\/archive.sana.sy\/es\/index.php?rest_route=\/wp\/v2\/media\/114378"}],"wp:attachment":[{"href":"https:\/\/archive.sana.sy\/es\/index.php?rest_route=%2Fwp%2Fv2%2Fmedia&parent=114377"}],"wp:term":[{"taxonomy":"category","embeddable":true,"href":"https:\/\/archive.sana.sy\/es\/index.php?rest_route=%2Fwp%2Fv2%2Fcategories&post=114377"},{"taxonomy":"post_tag","embeddable":true,"href":"https:\/\/archive.sana.sy\/es\/index.php?rest_route=%2Fwp%2Fv2%2Ftags&post=114377"}],"curies":[{"name":"wp","href":"https:\/\/api.w.org\/{rel}","templated":true}]}}