{"id":114380,"date":"2019-09-10T10:19:16","date_gmt":"2019-09-10T07:19:16","guid":{"rendered":"https:\/\/sana.sy\/es\/?p=114380"},"modified":"2019-09-10T10:19:16","modified_gmt":"2019-09-10T07:19:16","slug":"comienza-campana-de-jovenes-voluntarios-juntos-alepo-volvera-mas-bella-fotos","status":"publish","type":"post","link":"https:\/\/archive.sana.sy\/es\/?p=114380","title":{"rendered":"Comienza campa\u00f1a de j\u00f3venes voluntarios, &#8220;Juntos, Alepo volver\u00e1 m\u00e1s bella&#8221; (Fotos)"},"content":{"rendered":"<p><span style=\"color: #800000;\">Alepo, SANA<\/span><\/p>\n<p style=\"text-align: justify;\">Comenz\u00f3 en el casco hist\u00f3rico de la ciudad de Alepo, la campa\u00f1a nacional de voluntarios &#8220;Juntos, Alepo vuelve m\u00e1s bella&#8221;.<\/p>\n<p style=\"text-align: justify;\">La campa\u00f1a que se lleva a cabo por segundo a\u00f1o consecutivo, est\u00e1 organizada por la Uni\u00f3n Nacional de Estudiantes Sirios, la Uni\u00f3n de Juventud Revolucionaria, el Patriarcado sirio de San Efra\u00edn y varias organizaciones no gubernamentales.<\/p>\n<p style=\"text-align: justify;\">Los j\u00f3venes comenzaron sus labores en los barrios liberados del terrorismo y abarcaron la remoci\u00f3n de escombros y, la apertura y limpieza de las calles en la ciudad, adem\u00e1s de sembrar \u00e1rboles en los parques y jardines.<\/p>\n<p><span style=\"color: #0000ff;\">F. Marouf\/ R. Rashed\u00a0<\/span><\/p>\n<div id='gallery-1' class='gallery galleryid-114380 gallery-columns-3 gallery-size-medium'><figure class='gallery-item'>\n\t\t\t<div class='gallery-icon landscape'>\n\t\t\t\t<a href='https:\/\/archive.sana.sy\/es\/wp-content\/uploads\/2019\/09\/photo_2019-09-09_15-23-51.jpg'><img loading=\"lazy\" decoding=\"async\" width=\"300\" height=\"196\" src=\"https:\/\/archive.sana.sy\/es\/wp-content\/uploads\/2019\/09\/photo_2019-09-09_15-23-51-300x196.jpg\" class=\"attachment-medium size-medium\" alt=\"\" srcset=\"https:\/\/archive.sana.sy\/es\/wp-content\/uploads\/2019\/09\/photo_2019-09-09_15-23-51-300x196.jpg 300w, https:\/\/archive.sana.sy\/es\/wp-content\/uploads\/2019\/09\/photo_2019-09-09_15-23-51-150x98.jpg 150w, https:\/\/archive.sana.sy\/es\/wp-content\/uploads\/2019\/09\/photo_2019-09-09_15-23-51-768x502.jpg 768w, https:\/\/archive.sana.sy\/es\/wp-content\/uploads\/2019\/09\/photo_2019-09-09_15-23-51-1024x669.jpg 1024w\" sizes=\"(max-width: 300px) 100vw, 300px\" \/><\/a>\n\t\t\t<\/div><\/figure><figure class='gallery-item'>\n\t\t\t<div class='gallery-icon landscape'>\n\t\t\t\t<a href='https:\/\/archive.sana.sy\/es\/wp-content\/uploads\/2019\/09\/photo_2019-09-09_15-23-59.jpg'><img loading=\"lazy\" decoding=\"async\" width=\"300\" height=\"200\" src=\"https:\/\/archive.sana.sy\/es\/wp-content\/uploads\/2019\/09\/photo_2019-09-09_15-23-59-300x200.jpg\" class=\"attachment-medium size-medium\" alt=\"\" srcset=\"https:\/\/archive.sana.sy\/es\/wp-content\/uploads\/2019\/09\/photo_2019-09-09_15-23-59-300x200.jpg 300w, https:\/\/archive.sana.sy\/es\/wp-content\/uploads\/2019\/09\/photo_2019-09-09_15-23-59-150x100.jpg 150w, https:\/\/archive.sana.sy\/es\/wp-content\/uploads\/2019\/09\/photo_2019-09-09_15-23-59-768x512.jpg 768w, https:\/\/archive.sana.sy\/es\/wp-content\/uploads\/2019\/09\/photo_2019-09-09_15-23-59-1024x682.jpg 1024w\" sizes=\"(max-width: 300px) 100vw, 300px\" \/><\/a>\n\t\t\t<\/div><\/figure><figure class='gallery-item'>\n\t\t\t<div class='gallery-icon landscape'>\n\t\t\t\t<a href='https:\/\/archive.sana.sy\/es\/wp-content\/uploads\/2019\/09\/photo_2019-09-09_15-24-02.jpg'><img loading=\"lazy\" decoding=\"async\" width=\"300\" height=\"200\" src=\"https:\/\/archive.sana.sy\/es\/wp-content\/uploads\/2019\/09\/photo_2019-09-09_15-24-02-300x200.jpg\" class=\"attachment-medium size-medium\" alt=\"\" srcset=\"https:\/\/archive.sana.sy\/es\/wp-content\/uploads\/2019\/09\/photo_2019-09-09_15-24-02-300x200.jpg 300w, https:\/\/archive.sana.sy\/es\/wp-content\/uploads\/2019\/09\/photo_2019-09-09_15-24-02-150x100.jpg 150w, https:\/\/archive.sana.sy\/es\/wp-content\/uploads\/2019\/09\/photo_2019-09-09_15-24-02-768x511.jpg 768w, https:\/\/archive.sana.sy\/es\/wp-content\/uploads\/2019\/09\/photo_2019-09-09_15-24-02-1024x682.jpg 1024w\" sizes=\"(max-width: 300px) 100vw, 300px\" \/><\/a>\n\t\t\t<\/div><\/figure><figure class='gallery-item'>\n\t\t\t<div class='gallery-icon landscape'>\n\t\t\t\t<a href='https:\/\/archive.sana.sy\/es\/wp-content\/uploads\/2019\/09\/photo_2019-09-09_15-24-06.jpg'><img loading=\"lazy\" decoding=\"async\" width=\"300\" height=\"173\" src=\"https:\/\/archive.sana.sy\/es\/wp-content\/uploads\/2019\/09\/photo_2019-09-09_15-24-06-300x173.jpg\" class=\"attachment-medium size-medium\" alt=\"\" srcset=\"https:\/\/archive.sana.sy\/es\/wp-content\/uploads\/2019\/09\/photo_2019-09-09_15-24-06-300x173.jpg 300w, https:\/\/archive.sana.sy\/es\/wp-content\/uploads\/2019\/09\/photo_2019-09-09_15-24-06-150x87.jpg 150w, https:\/\/archive.sana.sy\/es\/wp-content\/uploads\/2019\/09\/photo_2019-09-09_15-24-06-768x444.jpg 768w, https:\/\/archive.sana.sy\/es\/wp-content\/uploads\/2019\/09\/photo_2019-09-09_15-24-06-1024x592.jpg 1024w\" sizes=\"(max-width: 300px) 100vw, 300px\" \/><\/a>\n\t\t\t<\/div><\/figure><figure class='gallery-item'>\n\t\t\t<div class='gallery-icon landscape'>\n\t\t\t\t<a href='https:\/\/archive.sana.sy\/es\/wp-content\/uploads\/2019\/09\/photo_2019-09-09_15-24-16.jpg'><img loading=\"lazy\" decoding=\"async\" width=\"300\" height=\"190\" src=\"https:\/\/archive.sana.sy\/es\/wp-content\/uploads\/2019\/09\/photo_2019-09-09_15-24-16-300x190.jpg\" class=\"attachment-medium size-medium\" alt=\"\" srcset=\"https:\/\/archive.sana.sy\/es\/wp-content\/uploads\/2019\/09\/photo_2019-09-09_15-24-16-300x190.jpg 300w, https:\/\/archive.sana.sy\/es\/wp-content\/uploads\/2019\/09\/photo_2019-09-09_15-24-16-150x95.jpg 150w, https:\/\/archive.sana.sy\/es\/wp-content\/uploads\/2019\/09\/photo_2019-09-09_15-24-16-768x488.jpg 768w, https:\/\/archive.sana.sy\/es\/wp-content\/uploads\/2019\/09\/photo_2019-09-09_15-24-16-1024x650.jpg 1024w\" sizes=\"(max-width: 300px) 100vw, 300px\" \/><\/a>\n\t\t\t<\/div><\/figure>\n\t\t<\/div>\n\n","protected":false},"excerpt":{"rendered":"<p>Alepo, SANA Comenz\u00f3 en el casco hist\u00f3rico de la ciudad de Alepo, la campa\u00f1a nacional de voluntarios &#8220;Juntos, Alepo vuelve m\u00e1s bella&#8221;. La campa\u00f1a que se lleva a cabo por segundo a\u00f1o consecutivo, est\u00e1 organizada por la Uni\u00f3n Nacional de Estudiantes Sirios, la Uni\u00f3n de Juventud Revolucionaria, el Patriarcado sirio de San Efra\u00edn y varias &hellip;<\/p>\n","protected":false},"author":31,"featured_media":114385,"comment_status":"closed","ping_status":"closed","sticky":false,"template":"","format":"standard","meta":{"footnotes":""},"categories":[597,476,7541],"tags":[16473,16474,16472],"class_list":["post-114380","post","type-post","status-publish","format-standard","has-post-thumbnail","","category-cinta-de-noticias","category-locales","category-ultimas-noticias","tag-juntos","tag-alepo-volvera-mas-bella-fotos-video","tag-comienza-campana-de-jovenes-voluntarios"],"_links":{"self":[{"href":"https:\/\/archive.sana.sy\/es\/index.php?rest_route=\/wp\/v2\/posts\/114380"}],"collection":[{"href":"https:\/\/archive.sana.sy\/es\/index.php?rest_route=\/wp\/v2\/posts"}],"about":[{"href":"https:\/\/archive.sana.sy\/es\/index.php?rest_route=\/wp\/v2\/types\/post"}],"author":[{"embeddable":true,"href":"https:\/\/archive.sana.sy\/es\/index.php?rest_route=\/wp\/v2\/users\/31"}],"replies":[{"embeddable":true,"href":"https:\/\/archive.sana.sy\/es\/index.php?rest_route=%2Fwp%2Fv2%2Fcomments&post=114380"}],"version-history":[{"count":0,"href":"https:\/\/archive.sana.sy\/es\/index.php?rest_route=\/wp\/v2\/posts\/114380\/revisions"}],"wp:featuredmedia":[{"embeddable":true,"href":"https:\/\/archive.sana.sy\/es\/index.php?rest_route=\/wp\/v2\/media\/114385"}],"wp:attachment":[{"href":"https:\/\/archive.sana.sy\/es\/index.php?rest_route=%2Fwp%2Fv2%2Fmedia&parent=114380"}],"wp:term":[{"taxonomy":"category","embeddable":true,"href":"https:\/\/archive.sana.sy\/es\/index.php?rest_route=%2Fwp%2Fv2%2Fcategories&post=114380"},{"taxonomy":"post_tag","embeddable":true,"href":"https:\/\/archive.sana.sy\/es\/index.php?rest_route=%2Fwp%2Fv2%2Ftags&post=114380"}],"curies":[{"name":"wp","href":"https:\/\/api.w.org\/{rel}","templated":true}]}}