{"id":115310,"date":"2019-09-26T10:15:53","date_gmt":"2019-09-26T07:15:53","guid":{"rendered":"https:\/\/sana.sy\/es\/?p=115310"},"modified":"2019-09-26T10:15:53","modified_gmt":"2019-09-26T07:15:53","slug":"comienzan-en-el-palacio-de-convenciones-las-reuniones-de-la-conferencia-del-desarrollo-educativo","status":"publish","type":"post","link":"https:\/\/archive.sana.sy\/es\/?p=115310","title":{"rendered":"Comienzan en el Palacio de Convenciones las reuniones de la Conferencia del Desarrollo Educativo"},"content":{"rendered":"<p style=\"text-align: justify;\"><span style=\"color: #800000;\">Damasco, SANA<\/span><\/p>\n<p style=\"text-align: justify;\">Bajo los auspicios del presidente Bashar al-Assad, comenzaron en el Palacio de Convenciones, las actividades de la Conferencia de Desarrollo Educativo que se organiza bajo el lema: \u201cuna visi\u00f3n educativa futura para reforzar la construcci\u00f3n del hombre y la patria\u201d.<\/p>\n<p style=\"text-align: justify;\">Participan en el evento mil 700 profesionales entre ellos 630 expertos sirios, \u00e1rabes y extranjeros acreditados por las Naciones Unidas.<\/p>\n<p style=\"text-align: justify;\">Varios pa\u00edses participan en la conferencia entre ellos Ir\u00e1n, Rusia, Alemania, Irak, India, Jordania, L\u00edbano, Egipto y Pakist\u00e1n.<\/p>\n<p style=\"text-align: justify;\">Las reuniones del evento durar\u00e1n hasta el pr\u00f3ximo s\u00e1bado, 28 de septiembre.<\/p>\n<p style=\"text-align: justify;\"><span style=\"color: #0000ff;\">F. Marouf\/ E. Dubian<\/span><\/p>\n<p>&nbsp;<\/p>\n<p>&nbsp;<\/p>\n","protected":false},"excerpt":{"rendered":"<p>Damasco, SANA Bajo los auspicios del presidente Bashar al-Assad, comenzaron en el Palacio de Convenciones, las actividades de la Conferencia de Desarrollo Educativo que se organiza bajo el lema: \u201cuna visi\u00f3n educativa futura para reforzar la construcci\u00f3n del hombre y la patria\u201d. Participan en el evento mil 700 profesionales entre ellos 630 expertos sirios, \u00e1rabes &hellip;<\/p>\n","protected":false},"author":32,"featured_media":115311,"comment_status":"closed","ping_status":"closed","sticky":false,"template":"","format":"standard","meta":{"footnotes":""},"categories":[597,476,16237,583],"tags":[16596],"class_list":["post-115310","post","type-post","status-publish","format-standard","has-post-thumbnail","","category-cinta-de-noticias","category-locales","category-presidence-de-la-republique-arabe-syria","category-slide","tag-comienzan-en-el-palacio-de-convenciones-las-reuniones-de-la-conferencia-del-desarrollo-educativo"],"_links":{"self":[{"href":"https:\/\/archive.sana.sy\/es\/index.php?rest_route=\/wp\/v2\/posts\/115310"}],"collection":[{"href":"https:\/\/archive.sana.sy\/es\/index.php?rest_route=\/wp\/v2\/posts"}],"about":[{"href":"https:\/\/archive.sana.sy\/es\/index.php?rest_route=\/wp\/v2\/types\/post"}],"author":[{"embeddable":true,"href":"https:\/\/archive.sana.sy\/es\/index.php?rest_route=\/wp\/v2\/users\/32"}],"replies":[{"embeddable":true,"href":"https:\/\/archive.sana.sy\/es\/index.php?rest_route=%2Fwp%2Fv2%2Fcomments&post=115310"}],"version-history":[{"count":0,"href":"https:\/\/archive.sana.sy\/es\/index.php?rest_route=\/wp\/v2\/posts\/115310\/revisions"}],"wp:featuredmedia":[{"embeddable":true,"href":"https:\/\/archive.sana.sy\/es\/index.php?rest_route=\/wp\/v2\/media\/115311"}],"wp:attachment":[{"href":"https:\/\/archive.sana.sy\/es\/index.php?rest_route=%2Fwp%2Fv2%2Fmedia&parent=115310"}],"wp:term":[{"taxonomy":"category","embeddable":true,"href":"https:\/\/archive.sana.sy\/es\/index.php?rest_route=%2Fwp%2Fv2%2Fcategories&post=115310"},{"taxonomy":"post_tag","embeddable":true,"href":"https:\/\/archive.sana.sy\/es\/index.php?rest_route=%2Fwp%2Fv2%2Ftags&post=115310"}],"curies":[{"name":"wp","href":"https:\/\/api.w.org\/{rel}","templated":true}]}}