{"id":115480,"date":"2019-09-29T13:15:47","date_gmt":"2019-09-29T10:15:47","guid":{"rendered":"https:\/\/sana.sy\/es\/?p=115480"},"modified":"2023-01-12T14:45:02","modified_gmt":"2023-01-12T12:45:02","slug":"pedersen-respetar-la-soberania-de-siria-es-el-punto-de-partida-para-cualquier-solucion","status":"publish","type":"post","link":"https:\/\/archive.sana.sy\/es\/?p=115480","title":{"rendered":"Pedersen: Respetar la soberan\u00eda de Siria es el punto de partida para cualquier soluci\u00f3n"},"content":{"rendered":"<p style=\"text-align: justify\"><span lang=\"ES-TRAD\" style=\"color: #800000\">Nueva York, SANA<\/span><\/p>\n<p style=\"text-align: justify\"><span lang=\"ES-TRAD\">El Enviado Especial del Secretario General de la ONU para Siria, Geir Pedersen, reiter\u00f3 la necesidad de resolver la crisis en Siria pol\u00edticamente y a base del principio de respeto a su soberan\u00eda, unidad e integridad territorial.<\/span><\/p>\n<p style=\"text-align: justify\"><span lang=\"ES-TRAD\">&#8220;Reiter\u00f3 en repetidas ocasiones en mis informes al Consejo de Seguridad que el punto de partida para cualquier soluci\u00f3n deber\u00eda ser el respeto a la soberan\u00eda e integridad territorial de Siria&#8221;, dijo Pedersen en declaraciones a la agencia iran\u00ed IRNA en Nueva York.<\/span><\/p>\n<p style=\"text-align: justify\"><span lang=\"ES-TRAD\">El enviado de la ONU esper\u00f3 que el Comit\u00e9 Constitucional celebre su primera reuni\u00f3n en las pr\u00f3ximas semanas.<\/span><\/p>\n<p style=\"text-align: justify\"><span style=\"color: #0000ff\">F. Marouf\/ E. Dubian<\/span><\/p>\n","protected":false},"excerpt":{"rendered":"<p>Nueva York, SANA El Enviado Especial del Secretario General de la ONU para Siria, Geir Pedersen, reiter\u00f3 la necesidad de resolver la crisis en Siria pol\u00edticamente y a base del principio de respeto a su soberan\u00eda, unidad e integridad territorial. &#8220;Reiter\u00f3 en repetidas ocasiones en mis informes al Consejo de Seguridad que el punto de &hellip;<\/p>\n","protected":false},"author":32,"featured_media":115481,"comment_status":"closed","ping_status":"closed","sticky":false,"template":"","format":"standard","meta":{"footnotes":""},"categories":[597,456,7541],"tags":[16633],"class_list":["post-115480","post","type-post","status-publish","format-standard","has-post-thumbnail","","category-cinta-de-noticias","category-arabe-internacional-politica","category-ultimas-noticias","tag-pedersen-respetar-la-soberania-de-siria-es-el-punto-de-partida-para-cualquier-solucion"],"_links":{"self":[{"href":"https:\/\/archive.sana.sy\/es\/index.php?rest_route=\/wp\/v2\/posts\/115480"}],"collection":[{"href":"https:\/\/archive.sana.sy\/es\/index.php?rest_route=\/wp\/v2\/posts"}],"about":[{"href":"https:\/\/archive.sana.sy\/es\/index.php?rest_route=\/wp\/v2\/types\/post"}],"author":[{"embeddable":true,"href":"https:\/\/archive.sana.sy\/es\/index.php?rest_route=\/wp\/v2\/users\/32"}],"replies":[{"embeddable":true,"href":"https:\/\/archive.sana.sy\/es\/index.php?rest_route=%2Fwp%2Fv2%2Fcomments&post=115480"}],"version-history":[{"count":0,"href":"https:\/\/archive.sana.sy\/es\/index.php?rest_route=\/wp\/v2\/posts\/115480\/revisions"}],"wp:featuredmedia":[{"embeddable":true,"href":"https:\/\/archive.sana.sy\/es\/index.php?rest_route=\/wp\/v2\/media\/115481"}],"wp:attachment":[{"href":"https:\/\/archive.sana.sy\/es\/index.php?rest_route=%2Fwp%2Fv2%2Fmedia&parent=115480"}],"wp:term":[{"taxonomy":"category","embeddable":true,"href":"https:\/\/archive.sana.sy\/es\/index.php?rest_route=%2Fwp%2Fv2%2Fcategories&post=115480"},{"taxonomy":"post_tag","embeddable":true,"href":"https:\/\/archive.sana.sy\/es\/index.php?rest_route=%2Fwp%2Fv2%2Ftags&post=115480"}],"curies":[{"name":"wp","href":"https:\/\/api.w.org\/{rel}","templated":true}]}}