{"id":115594,"date":"2019-10-02T17:03:01","date_gmt":"2019-10-02T14:03:01","guid":{"rendered":"https:\/\/sana.sy\/es\/?p=115594"},"modified":"2019-10-02T18:30:32","modified_gmt":"2019-10-02T15:30:32","slug":"terroristas-de-al-nousra-siguen-impidiendo-la-salida-de-civiles-de-idleb","status":"publish","type":"post","link":"https:\/\/archive.sana.sy\/es\/?p=115594","title":{"rendered":"Terroristas de Al-Nousra siguen impidiendo la salida de civiles de Idleb"},"content":{"rendered":"<p style=\"text-align: justify\"><span style=\"color: #800000\"><strong>Idleb, SANA<\/strong><\/span><\/p>\n<p style=\"text-align: justify\">Los terroristas del Frente al-Nousra siguen impidiendo la salida de los civiles de la provincia septentrional de Idleb, con el fin de seguir us\u00e1ndolos como escudos humanos.<\/p>\n<p style=\"text-align: justify\">Por d\u00e9cimonoveno d\u00eda consecutivo, los radicales persisten en amenazar y chantajear a cualquier civil que intente aproximarse al corredor humanitario de Abu Duhur establecido por el gobierno sirio en el este de la provincia.<\/p>\n<p>\u00a0 \u00a0 \u00a0 <img loading=\"lazy\" decoding=\"async\" class=\"alignleft wp-image-115616\" src=\"https:\/\/sana.sy\/es\/wp-content\/uploads\/2019\/10\/2-4-300x186.jpg\" alt=\"\" width=\"360\" height=\"223\" srcset=\"https:\/\/archive.sana.sy\/es\/wp-content\/uploads\/2019\/10\/2-4-300x186.jpg 300w, https:\/\/archive.sana.sy\/es\/wp-content\/uploads\/2019\/10\/2-4-150x93.jpg 150w, https:\/\/archive.sana.sy\/es\/wp-content\/uploads\/2019\/10\/2-4.jpg 660w\" sizes=\"(max-width: 360px) 100vw, 360px\" \/><\/p>\n<p>&nbsp;<\/p>\n<p>&nbsp;<\/p>\n<p>&nbsp;<\/p>\n<p>&nbsp;<\/p>\n<p>&nbsp;<\/p>\n<p style=\"text-align: justify\">Las agrupaciones extremistas armadas procedieron durante los \u00faltimos d\u00edas a levantar barreras y colocar rocas en la carretera que conduce al corredor para impedir que ning\u00fan veh\u00edculo civil llegue al mismo.<\/p>\n<p style=\"text-align: justify\">Por otro lado, aumenta la indignaci\u00f3n popular y los pobladores salieron en protestas contra los terroristas y sus pr\u00e1cticas criminales.<\/p>\n<p style=\"text-align: justify\">Las autoridades sirias movilizaron ambulancias, equipos m\u00e9dicos, autobuses y camiones para trasladar a los civiles que logran escaparse de las zonas bajo dominaci\u00f3n de los terroristas.<\/p>\n<p style=\"text-align: justify\"><span style=\"color: #0000ff\"><strong>fm\/ed<\/strong><\/span><\/p>\n<p style=\"text-align: justify\">\n","protected":false},"excerpt":{"rendered":"<p>Idleb, SANA Los terroristas del Frente al-Nousra siguen impidiendo la salida de los civiles de la provincia septentrional de Idleb, con el fin de seguir us\u00e1ndolos como escudos humanos. Por d\u00e9cimonoveno d\u00eda consecutivo, los radicales persisten en amenazar y chantajear a cualquier civil que intente aproximarse al corredor humanitario de Abu Duhur establecido por el &hellip;<\/p>\n","protected":false},"author":34,"featured_media":115615,"comment_status":"closed","ping_status":"closed","sticky":false,"template":"","format":"standard","meta":{"footnotes":""},"categories":[597,573,476,7541],"tags":[16650],"class_list":["post-115594","post","type-post","status-publish","format-standard","has-post-thumbnail","","category-cinta-de-noticias","category-la-realidad-de-los-acontecimientos-en-siria","category-locales","category-ultimas-noticias","tag-terroristas-de-al-nousra-siguen-impidiendo-la-salida-de-civiles-de-idleb"],"_links":{"self":[{"href":"https:\/\/archive.sana.sy\/es\/index.php?rest_route=\/wp\/v2\/posts\/115594"}],"collection":[{"href":"https:\/\/archive.sana.sy\/es\/index.php?rest_route=\/wp\/v2\/posts"}],"about":[{"href":"https:\/\/archive.sana.sy\/es\/index.php?rest_route=\/wp\/v2\/types\/post"}],"author":[{"embeddable":true,"href":"https:\/\/archive.sana.sy\/es\/index.php?rest_route=\/wp\/v2\/users\/34"}],"replies":[{"embeddable":true,"href":"https:\/\/archive.sana.sy\/es\/index.php?rest_route=%2Fwp%2Fv2%2Fcomments&post=115594"}],"version-history":[{"count":0,"href":"https:\/\/archive.sana.sy\/es\/index.php?rest_route=\/wp\/v2\/posts\/115594\/revisions"}],"wp:featuredmedia":[{"embeddable":true,"href":"https:\/\/archive.sana.sy\/es\/index.php?rest_route=\/wp\/v2\/media\/115615"}],"wp:attachment":[{"href":"https:\/\/archive.sana.sy\/es\/index.php?rest_route=%2Fwp%2Fv2%2Fmedia&parent=115594"}],"wp:term":[{"taxonomy":"category","embeddable":true,"href":"https:\/\/archive.sana.sy\/es\/index.php?rest_route=%2Fwp%2Fv2%2Fcategories&post=115594"},{"taxonomy":"post_tag","embeddable":true,"href":"https:\/\/archive.sana.sy\/es\/index.php?rest_route=%2Fwp%2Fv2%2Ftags&post=115594"}],"curies":[{"name":"wp","href":"https:\/\/api.w.org\/{rel}","templated":true}]}}