{"id":115690,"date":"2019-10-02T16:08:00","date_gmt":"2019-10-02T13:08:00","guid":{"rendered":"https:\/\/sana.sy\/es\/?p=115690"},"modified":"2019-10-02T16:09:23","modified_gmt":"2019-10-02T13:09:23","slug":"por-vigesimo-dia-consecutivo-los-terroristas-impiden-salida-de-civiles-de-idleb","status":"publish","type":"post","link":"https:\/\/archive.sana.sy\/es\/?p=115690","title":{"rendered":"Por vig\u00e9simo d\u00eda consecutivo, los terroristas impiden salida de civiles de Idleb"},"content":{"rendered":"<p style=\"text-align: justify;\"><span style=\"color: #800000;\">Idleb, SANA<\/span><\/p>\n<p style=\"text-align: justify;\">Los terroristas de la organizaci\u00f3n radical del Frente al-Nousra impiden por vig\u00e9simo d\u00eda consecutivo, la salida de los civiles de las zonas bajo su dominaci\u00f3n en la provincia septentrional de Idleb.<\/p>\n<p style=\"text-align: justify;\">\u201cNo se registr\u00f3 la salida de ning\u00fan civil por el corredor humanitario de Abu Duhur ya que los terroristas emplean el chantaje contra cualquier poblador que intente acercarse a dicho corredor\u201d, inform\u00f3 el corresponsal de SANA en Idleb.<\/p>\n<p style=\"text-align: justify;\">Las autoridades competentes hab\u00edan preparado todas las condiciones de ambulancias, cl\u00ednicas m\u00f3viles y autobuses para recibir a los civiles que logran escaparse del terrorismo.<\/p>\n<p style=\"text-align: justify;\">Por otro lado, fuentes civiles y medios de prensa reportaron pugnas y disputas entre los grupos terroristas, especialmente en la cabecera provincial Idleb.<\/p>\n<p style=\"text-align: justify;\">\u201cLas disputas se deben a acciones de secuestro y asesinato mutuo entre esos grupos despu\u00e9s de que varias cabecillas de los grupos terroristas difieran en el reparto de las multas y las regal\u00edas que imponen a los residentes\u201d, aseguraron las fuentes.<\/p>\n<p style=\"text-align: justify;\"><span style=\"color: #0000ff;\">fm\/ed<\/span><\/p>\n","protected":false},"excerpt":{"rendered":"<p>Idleb, SANA Los terroristas de la organizaci\u00f3n radical del Frente al-Nousra impiden por vig\u00e9simo d\u00eda consecutivo, la salida de los civiles de las zonas bajo su dominaci\u00f3n en la provincia septentrional de Idleb. \u201cNo se registr\u00f3 la salida de ning\u00fan civil por el corredor humanitario de Abu Duhur ya que los terroristas emplean el chantaje &hellip;<\/p>\n","protected":false},"author":34,"featured_media":115691,"comment_status":"closed","ping_status":"closed","sticky":false,"template":"","format":"standard","meta":{"footnotes":""},"categories":[597,573,476,7541],"tags":[16658],"class_list":["post-115690","post","type-post","status-publish","format-standard","has-post-thumbnail","","category-cinta-de-noticias","category-la-realidad-de-los-acontecimientos-en-siria","category-locales","category-ultimas-noticias","tag-por-vigesimo-dia-consecutivo-los-terroristas-impiden-salida-de-civiles-de-idleb"],"_links":{"self":[{"href":"https:\/\/archive.sana.sy\/es\/index.php?rest_route=\/wp\/v2\/posts\/115690"}],"collection":[{"href":"https:\/\/archive.sana.sy\/es\/index.php?rest_route=\/wp\/v2\/posts"}],"about":[{"href":"https:\/\/archive.sana.sy\/es\/index.php?rest_route=\/wp\/v2\/types\/post"}],"author":[{"embeddable":true,"href":"https:\/\/archive.sana.sy\/es\/index.php?rest_route=\/wp\/v2\/users\/34"}],"replies":[{"embeddable":true,"href":"https:\/\/archive.sana.sy\/es\/index.php?rest_route=%2Fwp%2Fv2%2Fcomments&post=115690"}],"version-history":[{"count":0,"href":"https:\/\/archive.sana.sy\/es\/index.php?rest_route=\/wp\/v2\/posts\/115690\/revisions"}],"wp:featuredmedia":[{"embeddable":true,"href":"https:\/\/archive.sana.sy\/es\/index.php?rest_route=\/wp\/v2\/media\/115691"}],"wp:attachment":[{"href":"https:\/\/archive.sana.sy\/es\/index.php?rest_route=%2Fwp%2Fv2%2Fmedia&parent=115690"}],"wp:term":[{"taxonomy":"category","embeddable":true,"href":"https:\/\/archive.sana.sy\/es\/index.php?rest_route=%2Fwp%2Fv2%2Fcategories&post=115690"},{"taxonomy":"post_tag","embeddable":true,"href":"https:\/\/archive.sana.sy\/es\/index.php?rest_route=%2Fwp%2Fv2%2Ftags&post=115690"}],"curies":[{"name":"wp","href":"https:\/\/api.w.org\/{rel}","templated":true}]}}