{"id":115739,"date":"2019-10-02T14:14:11","date_gmt":"2019-10-02T11:14:11","guid":{"rendered":"https:\/\/sana.sy\/es\/?p=115739"},"modified":"2019-10-02T19:43:52","modified_gmt":"2019-10-02T16:43:52","slug":"siria-producira-100-mil-toneladas-de-algodon","status":"publish","type":"post","link":"https:\/\/archive.sana.sy\/es\/?p=115739","title":{"rendered":"Alepo vuelve a acoger el carnaval de algod\u00f3n tras ocho a\u00f1os de interrupci\u00f3n"},"content":{"rendered":"<p style=\"text-align: justify\"><span style=\"color: #800000\">Alepo, SANA<\/span><\/p>\n<p style=\"text-align: justify\">La 57\u00aa edici\u00f3n del Carnaval de Algod\u00f3n se celebrar\u00e1 ma\u00f1ana el jueves despu\u00e9s de que este evento tradicional hubiera sido suspendido por ocho a\u00f1os debido a la guerra terrorista que azot\u00f3 a Siria.<\/p>\n<p style=\"text-align: justify\">Durante el Carnaval ser\u00e1n homenajeados los agricultores que ganan por el mayor porcentaje de producci\u00f3n de algod\u00f3n, asimismo se realizar\u00e1 una exposici\u00f3n art\u00edstica y un concierto musical.<\/p>\n<p style=\"text-align: justify\">El Director del Despacho de Algod\u00f3n aclar\u00f3 que veh\u00edculos de empresas, personalidades del sector agrario, industrial y comercial, adem\u00e1s de un gent\u00edo celebrar\u00e1n ma\u00f1ana este carnaval en la plaza de Saad Allah Yabiri en la ciudad de Alepo para resaltar a todo el mundo la importancia de este cultivo estrat\u00e9gico del que se destac\u00f3 Siria a lo largo de la historia.<\/p>\n<p style=\"text-align: justify\">Inform\u00f3 que una superficie de 33285 hect\u00e1reas fue cultivada este a\u00f1o de algod\u00f3n, estimando en 100 mil toneladas la producci\u00f3n del oro blanco en la pr\u00f3xima temporada.<\/p>\n<p style=\"text-align: justify\">El Carnaval de Algod\u00f3n es una tradici\u00f3n anual que se celebra desde el a\u00f1o 1954 en todas las provincias que producen algod\u00f3n.<\/p>\n<p>&nbsp;<\/p>\n<p style=\"text-align: justify\">\/L.A\/<\/p>\n","protected":false},"excerpt":{"rendered":"<p>Alepo, SANA La 57\u00aa edici\u00f3n del Carnaval de Algod\u00f3n se celebrar\u00e1 ma\u00f1ana el jueves despu\u00e9s de que este evento tradicional hubiera sido suspendido por ocho a\u00f1os debido a la guerra terrorista que azot\u00f3 a Siria. Durante el Carnaval ser\u00e1n homenajeados los agricultores que ganan por el mayor porcentaje de producci\u00f3n de algod\u00f3n, asimismo se realizar\u00e1 &hellip;<\/p>\n","protected":false},"author":24,"featured_media":115744,"comment_status":"closed","ping_status":"closed","sticky":false,"template":"","format":"standard","meta":{"footnotes":""},"categories":[476,7541],"tags":[16661],"class_list":["post-115739","post","type-post","status-publish","format-standard","has-post-thumbnail","","category-locales","category-ultimas-noticias","tag-alepo-vuelve-a-acoger-el-carnaval-de-algodon-tras-ocho-anos-de-interrupcion"],"_links":{"self":[{"href":"https:\/\/archive.sana.sy\/es\/index.php?rest_route=\/wp\/v2\/posts\/115739"}],"collection":[{"href":"https:\/\/archive.sana.sy\/es\/index.php?rest_route=\/wp\/v2\/posts"}],"about":[{"href":"https:\/\/archive.sana.sy\/es\/index.php?rest_route=\/wp\/v2\/types\/post"}],"author":[{"embeddable":true,"href":"https:\/\/archive.sana.sy\/es\/index.php?rest_route=\/wp\/v2\/users\/24"}],"replies":[{"embeddable":true,"href":"https:\/\/archive.sana.sy\/es\/index.php?rest_route=%2Fwp%2Fv2%2Fcomments&post=115739"}],"version-history":[{"count":0,"href":"https:\/\/archive.sana.sy\/es\/index.php?rest_route=\/wp\/v2\/posts\/115739\/revisions"}],"wp:featuredmedia":[{"embeddable":true,"href":"https:\/\/archive.sana.sy\/es\/index.php?rest_route=\/wp\/v2\/media\/115744"}],"wp:attachment":[{"href":"https:\/\/archive.sana.sy\/es\/index.php?rest_route=%2Fwp%2Fv2%2Fmedia&parent=115739"}],"wp:term":[{"taxonomy":"category","embeddable":true,"href":"https:\/\/archive.sana.sy\/es\/index.php?rest_route=%2Fwp%2Fv2%2Fcategories&post=115739"},{"taxonomy":"post_tag","embeddable":true,"href":"https:\/\/archive.sana.sy\/es\/index.php?rest_route=%2Fwp%2Fv2%2Ftags&post=115739"}],"curies":[{"name":"wp","href":"https:\/\/api.w.org\/{rel}","templated":true}]}}