{"id":115748,"date":"2019-10-03T06:54:15","date_gmt":"2019-10-03T03:54:15","guid":{"rendered":"https:\/\/sana.sy\/es\/?p=115748"},"modified":"2019-10-03T07:11:51","modified_gmt":"2019-10-03T04:11:51","slug":"cuando-siria-culmine-su-lucha-contra-el-terrorismo-llegara-el-turno-de-expulsar-las-ilegales-fuerzas-extranjeras","status":"publish","type":"post","link":"https:\/\/archive.sana.sy\/es\/?p=115748","title":{"rendered":"Cuando Siria culmine su lucha contra el terrorismo, llegar\u00e1 el turno de expulsar las ilegales fuerzas extranjeras"},"content":{"rendered":"<p style=\"text-align: justify;\"><span style=\"color: #800000;\"><strong>Nueva York, SANA<\/strong><\/span><\/p>\n<p style=\"text-align: justify;\">Siria est\u00e1 decidida a liberar cada pulgada de su territorio despu\u00e9s de haber resistido m\u00e1s de ocho a\u00f1os durante los cuales luch\u00f3 contra cientos de miles de terroristas, dijo el Ministro de Exteriores y Emigrantes, Walid al-Moallem, en una entrevista con el canal Al-Mayadeen.<\/p>\n<p style=\"text-align: justify;\"><span style=\"color: #0000ff;\"><em>Al-Moallem: \u201cHay tres opciones ante los terroristas, permanecer prisioneros en Siria, ser abatidos o retornar a sus pa\u00edses\u201d.<\/em><\/span><\/p>\n<p style=\"text-align: justify;\">En su comentario sobre Idleb, al-Moallem dijo que el Estado sirio ha dado a los terroristas en esta provincia m\u00e1s de una oportunidad para el arreglo, la \u00faltima de las cuales fue el alto el fuego que a\u00fan sigue vigente por parte del ej\u00e9rcito sirio.<\/p>\n<p style=\"text-align: justify;\">Denunci\u00f3 que el presidente del r\u00e9gimen turco Recep Tayyip Erdogan no ha implementado lo que se acord\u00f3 en Sochi entre los pa\u00edses garantes del trayecto de Astan\u00e1 (Rusia, Ir\u00e1n y Turqu\u00eda).<\/p>\n<p style=\"text-align: justify;\">Seg\u00fan el canciller sirio, \u201clos pa\u00edses occidentales y Turqu\u00eda han estado alentando la llegada de terroristas a Siria y les ofrec\u00edan todo tipo de facilidades, pero ahora y despu\u00e9s de su derrota, no quieren que salgan y s\u00f3lo quieren llevar a sus hijos.<\/p>\n<p style=\"text-align: justify;\">\u201cHay tres opciones ante los terroristas, permanecer prisioneros en Siria, ser abatidos o retornar a sus pa\u00edses, y la mejor opci\u00f3n es que regresen\u201d, aclar\u00f3.<\/p>\n<p style=\"text-align: justify;\"><em><span style=\"color: #0000ff;\">Al-Moallem: \u201cAnkara debe mostrar buena voluntad y retirar sus tropas de Siria\u201d<\/span><\/em><\/p>\n<p style=\"text-align: justify;\">Tambi\u00e9n se\u00f1al\u00f3 que \u201cTurqu\u00eda deber\u00eda elegir entre ser un vecino o un pa\u00eds enemigo de Siria, y si elige ser un vecino, deber\u00eda implementar el acuerdo &#8220;Adana&#8221; que garantiza la seguridad fronteriza de los dos pa\u00edses\u201d.<\/p>\n<p style=\"text-align: justify;\">\u201cAnkara debe mostrar buena voluntad y retirar sus tropas de Siria y detener su apoyo a los terroristas\u201d, acot\u00f3.<\/p>\n<p style=\"text-align: justify;\">En este sentido, precis\u00f3 adem\u00e1s que si Erdogan quiere devolver los refugiados sirios deber\u00eda coordinar con el estado sirio para garantizarle un regreso seguro y no proceder a hacer una limpieza \u00e9tnica en una regi\u00f3n determinada de Siria violando el derecho internacional.<\/p>\n<p style=\"text-align: justify;\"><em><span style=\"color: #0000ff;\">Al-Moallem: hay medios leg\u00edtimos que pueden obligar las fuerzas extranjeras a salir del pa\u00eds.<\/span><\/em><\/p>\n<p style=\"text-align: justify;\">Por otro lado, reafirm\u00f3 que cuando Siria alcance sus prioridades en la lucha contra el terrorismo, llegar\u00e1 el turno de otras prioridades, incluida la expulsi\u00f3n de todas las fuerzas extranjeras del territorio sirio, indicando que hay medios leg\u00edtimos que pueden obligarlas a salir.<\/p>\n<p style=\"text-align: justify;\">En cuando a la reapertura del cruce fronterizo de Bukamal-Qaem con Irak, el jefe de la diplomacia siria dijo que este es un paso natural y hay que invertirlo en la consolidaci\u00f3n de las relaciones entre los dos pueblos.<\/p>\n<p style=\"text-align: justify;\"><span style=\"color: #0000ff;\"><em>Al-Moallem: cualquier participante en el Comit\u00e9 Constitucional debe reflejar los intereses de Siria y no de los pa\u00edses que lo patrocinan<\/em><\/span><\/p>\n<p style=\"text-align: justify;\">El canciller al-Moallem coment\u00f3 sobre la Constituci\u00f3n y dijo: \u201cesto es un asunto nacional y cualquier participante en el Comit\u00e9 Constitucional debe ser objetivos y que lleve el esp\u00edritu de Siria y refleje los intereses de Siria y no de Turqu\u00eda u otros pa\u00edses que lo patrocinan\u201d.<\/p>\n<p style=\"text-align: justify;\">Con respecto a los kurdos sirios, el titular de Exteriores explic\u00f3 que \u201clos kurdos son ciudadanos sirios y hay que tratar con ellos sobre este principio, pero el que coopera con el extranjero, en este caso EE.UU, en contra de los intereses de su pa\u00eds, no es un buen ciudadano y hay que rendirle cuentas\u201d.<\/p>\n<p style=\"text-align: justify;\">Concluy\u00f3 que todos los territorios controlados por la autoproclamada milicia (QSD, por sus siglas en \u00e1rabe) deben ser devueltas al control del estado sirio y que no se dejen llevarse por las promesas estadounidenses.<\/p>\n<p style=\"text-align: justify;\"><span style=\"color: #0000ff;\">fm<\/span><\/p>\n","protected":false},"excerpt":{"rendered":"<p>Nueva York, SANA Siria est\u00e1 decidida a liberar cada pulgada de su territorio despu\u00e9s de haber resistido m\u00e1s de ocho a\u00f1os durante los cuales luch\u00f3 contra cientos de miles de terroristas, dijo el Ministro de Exteriores y Emigrantes, Walid al-Moallem, en una entrevista con el canal Al-Mayadeen. Al-Moallem: \u201cHay tres opciones ante los terroristas, permanecer &hellip;<\/p>\n","protected":false},"author":34,"featured_media":115749,"comment_status":"closed","ping_status":"closed","sticky":false,"template":"","format":"standard","meta":{"footnotes":""},"categories":[597,573,7541],"tags":[16662],"class_list":["post-115748","post","type-post","status-publish","format-standard","has-post-thumbnail","","category-cinta-de-noticias","category-la-realidad-de-los-acontecimientos-en-siria","category-ultimas-noticias","tag-cuando-siria-culmine-su-lucha-contra-el-terrorismo-llegara-el-turno-de-expulsar-las-ilegales-fuerzas-extranjeras"],"_links":{"self":[{"href":"https:\/\/archive.sana.sy\/es\/index.php?rest_route=\/wp\/v2\/posts\/115748"}],"collection":[{"href":"https:\/\/archive.sana.sy\/es\/index.php?rest_route=\/wp\/v2\/posts"}],"about":[{"href":"https:\/\/archive.sana.sy\/es\/index.php?rest_route=\/wp\/v2\/types\/post"}],"author":[{"embeddable":true,"href":"https:\/\/archive.sana.sy\/es\/index.php?rest_route=\/wp\/v2\/users\/34"}],"replies":[{"embeddable":true,"href":"https:\/\/archive.sana.sy\/es\/index.php?rest_route=%2Fwp%2Fv2%2Fcomments&post=115748"}],"version-history":[{"count":0,"href":"https:\/\/archive.sana.sy\/es\/index.php?rest_route=\/wp\/v2\/posts\/115748\/revisions"}],"wp:featuredmedia":[{"embeddable":true,"href":"https:\/\/archive.sana.sy\/es\/index.php?rest_route=\/wp\/v2\/media\/115749"}],"wp:attachment":[{"href":"https:\/\/archive.sana.sy\/es\/index.php?rest_route=%2Fwp%2Fv2%2Fmedia&parent=115748"}],"wp:term":[{"taxonomy":"category","embeddable":true,"href":"https:\/\/archive.sana.sy\/es\/index.php?rest_route=%2Fwp%2Fv2%2Fcategories&post=115748"},{"taxonomy":"post_tag","embeddable":true,"href":"https:\/\/archive.sana.sy\/es\/index.php?rest_route=%2Fwp%2Fv2%2Ftags&post=115748"}],"curies":[{"name":"wp","href":"https:\/\/api.w.org\/{rel}","templated":true}]}}