{"id":115753,"date":"2019-10-03T06:32:12","date_gmt":"2019-10-03T03:32:12","guid":{"rendered":"https:\/\/sana.sy\/es\/?p=115753"},"modified":"2019-10-03T12:39:37","modified_gmt":"2019-10-03T09:39:37","slug":"boletin-informativo-de-la-agencia-sana-de-las-noticias-de-siria-en-las-ultimas-24-horas","status":"publish","type":"post","link":"https:\/\/archive.sana.sy\/es\/?p=115753","title":{"rendered":"Bolet\u00edn Informativo de la agencia SANA de las noticias de Siria en las \u00faltimas 24 horas"},"content":{"rendered":"<p style=\"text-align: justify;\"><span style=\"color: #800000;\">Damasco, SANA<\/span><\/p>\n<p style=\"text-align: justify;\">Les ofrecemos a continuaci\u00f3n un resumen de las noticias nacionales e internacionales relativas a Siria y difundidas por nuestra agencia en las \u00faltimas 24 horas:<\/p>\n<p style=\"text-align: justify;\"><span style=\"color: #0000ff;\"><strong>Cuando Siria culmine su lucha contra el terrorismo, llegar\u00e1 el turno de expulsi\u00f3n de las ilegales fuerzas extranjeras<\/strong><\/span><\/p>\n<p style=\"text-align: justify;\">Siria est\u00e1 decidida a liberar cada pulgada de su territorio despu\u00e9s de haber resistido m\u00e1s de ocho a\u00f1os durante los cuales luch\u00f3 contra cientos de miles de terroristas, dijo el Ministro de Exteriores y Emigrantes, Walid al-Moallem, en una entrevista con el canal Al-Mayadeen.<\/p>\n<p style=\"text-align: justify;\">En su comentario sobre Idleb, al-Moallem dijo que el Estado sirio ha dado a los terroristas en esta provincia m\u00e1s de una oportunidad para el arreglo, la \u00faltima de las cuales fue el alto el fuego que a\u00fan sigue vigente por parte del ej\u00e9rcito sirio.<\/p>\n<p style=\"text-align: justify;\">Denunci\u00f3 que el presidente del r\u00e9gimen turco Recep Tayyip Erdogan no ha implementado lo que se acord\u00f3 en Sochi entre los pa\u00edses garantes del trayecto de Astan\u00e1 (Rusia, Ir\u00e1n y Turqu\u00eda).<\/p>\n<p style=\"text-align: justify;\">Seg\u00fan el canciller sirio, \u201clos pa\u00edses occidentales y Turqu\u00eda han estado alentando la llegada de terroristas a Siria y les ofrec\u00edan todo tipo de facilidades, pero ahora y despu\u00e9s de su derrota, no quieren que salgan y s\u00f3lo quieren llevar a sus hijos.<\/p>\n<p style=\"text-align: justify;\">\u201cHay tres opciones ante los terroristas, permanecer prisioneros en Siria, ser abatidos o retornar a sus pa\u00edses, y la mejor opci\u00f3n es que regresen\u201d, aclar\u00f3.<\/p>\n<p style=\"text-align: justify;\">Tambi\u00e9n se\u00f1al\u00f3 que \u201cTurqu\u00eda deber\u00eda elegir entre ser un vecino o un pa\u00eds enemigo de Siria, y si elige ser un vecino, deber\u00eda implementar el acuerdo &#8220;Adana&#8221; que garantiza la seguridad fronteriza de los dos pa\u00edses\u201d.<\/p>\n<p style=\"text-align: justify;\">\u201cAnkara debe mostrar buena voluntad y retirar sus tropas de Siria y detener su apoyo a los terroristas\u201d, acot\u00f3.<\/p>\n<p style=\"text-align: justify;\">En este sentido, precis\u00f3 adem\u00e1s que si Erdogan quiere devolver los refugiados sirios deber\u00eda coordinar con el estado sirio para garantizarle un regreso seguro y no proceder a hacer una limpieza \u00e9tnica en una regi\u00f3n determinada de Siria violando el derecho internacional.<\/p>\n<p style=\"text-align: justify;\">Por otro lado, reafirm\u00f3 que cuando Siria alcance sus prioridades en la lucha contra el terrorismo, llegar\u00e1 el turno de otras prioridades, incluida la expulsi\u00f3n de todas las fuerzas extranjeras del territorio sirio, indicando que hay medios leg\u00edtimos que pueden obligarlas a salir.<\/p>\n<p style=\"text-align: justify;\">En cuando a la reapertura del cruce fronterizo de Bukamal-Qaem con Irak, el jefe de la diplomacia siria dijo que este es un paso natural y hay que invertirlo en la consolidaci\u00f3n de las relaciones entre los dos pueblos.<\/p>\n<p style=\"text-align: justify;\">El canciller al-Moallem coment\u00f3 sobre la Constituci\u00f3n y dijo: \u201cesto es un asunto nacional y cualquier participante en el Comit\u00e9 Constitucional debe ser objetivos y que lleve el esp\u00edritu de Siria y refleje los intereses de Siria y no de Turqu\u00eda u otros pa\u00edses que lo patrocinan\u201d.<\/p>\n<p style=\"text-align: justify;\">Con respecto a los kurdos sirios, el titular de Exteriores explic\u00f3 que \u201clos kurdos son ciudadanos sirios y hay que tratar con ellos sobre este principio, pero el que coopera con el extranjero, en este caso EE.UU, en contra de los intereses de su pa\u00eds, no es un buen ciudadano y hay que rendirle cuentas\u201d.<\/p>\n<p style=\"text-align: justify;\">Concluy\u00f3 que todos los territorios controlados por la autoproclamada milicia (QSD, por sus siglas en \u00e1rabe) deben ser devueltas al control del estado sirio y que no se dejen llevarse por las promesas estadounidenses.<\/p>\n<p style=\"text-align: justify;\"><strong><span style=\"color: #0000ff;\">Decenas de familias desplazadas retornan a sus hogares en ciudad de Qusseir\/Homs<\/span><\/strong><\/p>\n<p style=\"text-align: justify;\">Cientos de familias desplazadas retornaron a sus casas en la ciudad de Qusseir en la provincia de Homs, cerca de la frontera con el L\u00edbano.<\/p>\n<p style=\"text-align: justify;\">Las autoridades de la gobernaci\u00f3n han estado trabajando durante a\u00f1os para restablecer los servicios b\u00e1sicos y garantizar todas las condiciones necesarias para los civiles retornados.<\/p>\n<p style=\"text-align: justify;\">El alcalde de Qusseir, Abdul Kafi Khatib, declar\u00f3 que en menos de 24 horas retornaron unos mil 800 civiles lo que asciende el n\u00famero total de habitantes retornados a tres mil 600.<\/p>\n<p style=\"text-align: justify;\">Agreg\u00f3 que tres escuelas han sido rehabilitadas y abrieron sus puertas con una capacidad de recibir hasta mil ni\u00f1os.<\/p>\n<p style=\"text-align: justify;\">La ciudad de Qusseir fue liberada de los grupos terroristas en junio del 2013.<\/p>\n<p style=\"text-align: justify;\"><span style=\"color: #0000ff;\"><strong>Siria aumenta su producci\u00f3n de gas, petr\u00f3leo y fosfato<\/strong><\/span><\/p>\n<p style=\"text-align: justify;\">El ministro sirio de Petr\u00f3leo y Recursos Minerales, Ali Ghanem, explic\u00f3 hoy ante la Asamblea del Pueblo (parlamento), los planes y acciones del ministerio y sus esfuerzos para asegurar los derivados del petr\u00f3leo a pesar del bloqueo y las medidas econ\u00f3micas coercitivas unilaterales impuestas por EE.UU y sus aliados occidentales al pueblo sirio.<\/p>\n<p style=\"text-align: justify;\">\u201cGracias a los cuadros del ministerio hemos aumentado nuestra producci\u00f3n diaria de gas a 17.8 millones de metros c\u00fabicos, de petr\u00f3leo a 24 mil 500 barriles, y de fosfato a un mill\u00f3n de toneladas\u201d, revel\u00f3 el ministro sirio.<\/p>\n<p style=\"text-align: justify;\">Tambi\u00e9n, dio a conocer que 44 pozos de gas han sido reparadas y otros perforados, y actualmente est\u00e1n en fase de producci\u00f3n.<\/p>\n<p style=\"text-align: justify;\">\u201cEsperamos la introducci\u00f3n de cuatro nuevos pozos antes de finales del a\u00f1o en curso\u201d, precis\u00f3.<\/p>\n<p style=\"text-align: justify;\">Por otro lado, el titular de petr\u00f3leo aclar\u00f3 que alrededor de tres millones de familias sirias recibieron tarjetas magn\u00e9ticas para beneficiarse del subsidio gubernamental a los hidrocarburos.<\/p>\n<p style=\"text-align: justify;\">Por \u00faltimo, Ghanem dijo que sector petrolero sufri\u00f3 p\u00e9rdidas directas e indirectas que ascendieron a 81 mil millones de d\u00f3lares.<\/p>\n<p style=\"text-align: justify;\"><strong><span style=\"color: #0000ff;\">Por vig\u00e9simo d\u00eda consecutivo, los terroristas impiden salida de civiles de Idleb<\/span><\/strong><\/p>\n<p style=\"text-align: justify;\">Los terroristas de la organizaci\u00f3n radical del Frente al-Nousra impiden por vig\u00e9simo d\u00eda consecutivo, la salida de los civiles de las zonas bajo su dominaci\u00f3n en la provincia septentrional de Idleb.<\/p>\n<p style=\"text-align: justify;\">\u201cNo se registr\u00f3 la salida de ning\u00fan civil por el corredor humanitario de Abu Duhur ya que los terroristas emplean el chantaje contra cualquier poblador que intente acercarse a dicho corredor\u201d, inform\u00f3 el corresponsal de SANA en Idleb.<\/p>\n<p style=\"text-align: justify;\">Las autoridades competentes hab\u00edan preparado todas las condiciones de ambulancias, cl\u00ednicas m\u00f3viles y autobuses para recibir a los civiles que logran escaparse del terrorismo.<\/p>\n<p style=\"text-align: justify;\">Por otro lado, fuentes civiles y medios de prensa reportaron pugnas y disputas entre los grupos terroristas, especialmente en la cabecera provincial Idleb.<\/p>\n<p style=\"text-align: justify;\">\u201cLas disputas se deben a acciones de secuestro y asesinato mutuo entre esos grupos despu\u00e9s de que varias cabecillas de los grupos terroristas difieran en el reparto de las multas y las regal\u00edas que imponen a los residentes\u201d, aseguraron las fuentes.<\/p>\n<p style=\"text-align: justify;\"><strong><span style=\"color: #0000ff;\">Alepo vuelve a acoger el carnaval de algod\u00f3n tras ocho a\u00f1os de interrupci\u00f3n<\/span><\/strong><\/p>\n<p style=\"text-align: justify;\">La 57\u00aa edici\u00f3n del Carnaval de Algod\u00f3n se celebrar\u00e1 ma\u00f1ana el jueves despu\u00e9s de que este evento tradicional hubiera sido suspendido por ocho a\u00f1os debido a la guerra terrorista que azot\u00f3 a Siria.<\/p>\n<p style=\"text-align: justify;\">Durante el Carnaval ser\u00e1n homenajeados los agricultores que ganan por el mayor porcentaje de producci\u00f3n de algod\u00f3n, asimismo se realizar\u00e1 una exposici\u00f3n art\u00edstica y un concierto musical.<\/p>\n<p style=\"text-align: justify;\">El Director del Despacho de Algod\u00f3n aclar\u00f3 que veh\u00edculos de empresas, personalidades del sector agrario, industrial y comercial, adem\u00e1s de un gent\u00edo celebrar\u00e1n ma\u00f1ana este carnaval en la plaza de Saad Allah Yabiri en la ciudad de Alepo para resaltar a todo el mundo la importancia de este cultivo estrat\u00e9gico del que se destac\u00f3 Siria a lo largo de la historia.<\/p>\n<p style=\"text-align: justify;\">Inform\u00f3 que una superficie de 33285 hect\u00e1reas fue cultivada este a\u00f1o de algod\u00f3n, estimando en 100 mil toneladas la producci\u00f3n del oro blanco en la pr\u00f3xima temporada.<\/p>\n<p style=\"text-align: justify;\">El Carnaval de Algod\u00f3n es una tradici\u00f3n anual que se celebra desde el a\u00f1o 1954 en todas las provincias que producen algod\u00f3n.<\/p>\n<p style=\"text-align: justify;\"><span style=\"color: #0000ff;\"><strong>Provincia de Deraa recupera su cultivo de oliva<\/strong><\/span><\/p>\n<p style=\"text-align: justify;\">A poco m\u00e1s de un a\u00f1o de su liberaci\u00f3n de los grupos terroristas, la provincia sure\u00f1a de Deraa ha comenzado a recuperar su cultivo de oliva y las \u00e1reas sembradas de este fruto superaron las 28 mil hect\u00e1reas.<\/p>\n<p style=\"text-align: justify;\">Antes de la guerra terrorista impuesta, Deraa produc\u00eda 75 mil toneladas de aceitunas, pero esta producci\u00f3n disminuy\u00f3 a aproximadamente 26 mil esta temporada.<\/p>\n<p style=\"text-align: justify;\">Hanan Khayat, jefa del Departamento de Aceitunas en la Direcci\u00f3n de Agricultura y Reforma Agraria en Deraa, declar\u00f3 a SANA que se est\u00e1 trabajando \u200b\u200bpara identificar los problemas de los agricultores y asegurar los requerimientos de la producci\u00f3n agr\u00edcola.<\/p>\n<p style=\"text-align: justify;\">Estim\u00f3 la producci\u00f3n en la temporada actual en unas 26 mil toneladas de aceitunas y tres mil toneladas de aceite, revelando que 20 prensadoras han vuelto a operar.<\/p>\n<p style=\"text-align: justify;\">Seg\u00fan Khayat, el n\u00famero de \u00e1rboles fruct\u00edferos de aceituna es aproximadamente tres millones.<\/p>\n<p style=\"text-align: justify;\"><strong><span style=\"color: #0000ff;\">Lavrov: Hay que garantizar la independencia del trabajo del Comit\u00e9 Constitucional sirio<\/span><\/strong><\/p>\n<p style=\"text-align: justify;\">El canciller ruso, Serguei Lavrov, destac\u00f3 la importancia de garantizar la independencia del trabajo del Comit\u00e9 Constitucional sirio.<\/p>\n<p style=\"text-align: justify;\">En su intervenci\u00f3n durante la 16\u00aa reuni\u00f3n del Club Valdai celebrada en la ciudad de Sochi, el jefe de la diplomacia rusa se\u00f1al\u00f3 que \u201clos tres pa\u00edses garantes del proceso de Astan\u00e1, Rusia, Ir\u00e1n y Turqu\u00eda, no escatimar\u00e1n esfuerzo hasta que los sirios alcancen un acuerdo por s\u00ed mismos sin intervenci\u00f3n extranjera alguna\u201d.<\/p>\n<p style=\"text-align: justify;\">Lavrov expres\u00f3 su esperanza de que la ONU contribuya a facilitar el trabajo del Comit\u00e9 Constitucional sirio de forma imparcial y honesta.<\/p>\n<p style=\"text-align: justify;\">El enviado especial de las Naciones Unidas para Siria, Geir Pedersen, hab\u00eda anunciado que el trabajo del Comit\u00e9 iniciar\u00e1 el 30 del mes en curso.<\/p>\n<p style=\"text-align: justify;\"><strong><span style=\"color: #0000ff;\">Larijani: el di\u00e1logo es la \u00fanica soluci\u00f3n a las crisis en Siria y Yemen<\/span><\/strong><\/p>\n<p style=\"text-align: justify;\">El presidente del Consejo de Shura iran\u00ed, Ali Larijani, reafirm\u00f3 que el di\u00e1logo es la \u00fanica soluci\u00f3n a las crisis en Siria y Yemen.<\/p>\n<p style=\"text-align: justify;\">\u201cLas crisis que vive el mundo isl\u00e1mico favorecen los intereses de la entidad sionista\u201d, dijo Larijani en declaraciones a la prensa.<\/p>\n<p style=\"text-align: justify;\">Agreg\u00f3 que cuando Teher\u00e1n reafirmaba la necesidad del di\u00e1logo para resolver la crisis en Siria, algunos estados regionales han estado aferrados a la soluci\u00f3n militar.<\/p>\n<p style=\"text-align: justify;\">Asimismo, denunci\u00f3 el llamado \u201cacuerdo del siglo\u201d y lo tild\u00f3 como una farsa por usurpar los derechos del pueblo palestino.<\/p>\n<p style=\"text-align: justify;\"><strong><span style=\"color: #0000ff;\">Siria y el L\u00edbano empatan en el partido inaugural de las eliminatorias asi\u00e1ticas<\/span><\/strong><\/p>\n<p style=\"text-align: justify;\">La selecci\u00f3n siria juvenil de f\u00fatbol y su rival liban\u00e9s empataron 1-1 en un partido disputado hoy en la capital de Tayikist\u00e1n Dushanbe en el marco de las eliminatorias de la Copa Asi\u00e1tica.<\/p>\n<p style=\"text-align: justify;\">El equipo sirio se encuentra en el Grupo III que incluye tambi\u00e9n los equipos de Tayikist\u00e1n y las Maldivas.<\/p>\n<p style=\"text-align: justify;\">El delantero sirio Amar Ramadan marc\u00f3 primero en el minuto 39, mientras que la selecci\u00f3n libanesa logr\u00f3 el empate en el minuto 73.<\/p>\n<p style=\"text-align: justify;\">El equipo nacional sirio jugar\u00e1 el pr\u00f3ximo viernes contra la selecci\u00f3n de las Maldivas, y culminar\u00e1 las eliminatorias el 10 del mes en curso al disputar un partido contra el equipo de Tayikist\u00e1n.<\/p>\n<p style=\"text-align: justify;\">fm\/ed<\/p>\n","protected":false},"excerpt":{"rendered":"<p>Damasco, SANA Les ofrecemos a continuaci\u00f3n un resumen de las noticias nacionales e internacionales relativas a Siria y difundidas por nuestra agencia en las \u00faltimas 24 horas: Cuando Siria culmine su lucha contra el terrorismo, llegar\u00e1 el turno de expulsi\u00f3n de las ilegales fuerzas extranjeras Siria est\u00e1 decidida a liberar cada pulgada de su territorio &hellip;<\/p>\n","protected":false},"author":34,"featured_media":115754,"comment_status":"closed","ping_status":"closed","sticky":false,"template":"","format":"standard","meta":{"footnotes":""},"categories":[573,7541,1],"tags":[16663],"class_list":["post-115753","post","type-post","status-publish","format-standard","has-post-thumbnail","","category-la-realidad-de-los-acontecimientos-en-siria","category-ultimas-noticias","category-news-not-sorted","tag-boletin-informativo-de-la-agencia-sana-de-las-noticias-de-siria-en-las-ultimas-24-horas"],"_links":{"self":[{"href":"https:\/\/archive.sana.sy\/es\/index.php?rest_route=\/wp\/v2\/posts\/115753"}],"collection":[{"href":"https:\/\/archive.sana.sy\/es\/index.php?rest_route=\/wp\/v2\/posts"}],"about":[{"href":"https:\/\/archive.sana.sy\/es\/index.php?rest_route=\/wp\/v2\/types\/post"}],"author":[{"embeddable":true,"href":"https:\/\/archive.sana.sy\/es\/index.php?rest_route=\/wp\/v2\/users\/34"}],"replies":[{"embeddable":true,"href":"https:\/\/archive.sana.sy\/es\/index.php?rest_route=%2Fwp%2Fv2%2Fcomments&post=115753"}],"version-history":[{"count":0,"href":"https:\/\/archive.sana.sy\/es\/index.php?rest_route=\/wp\/v2\/posts\/115753\/revisions"}],"wp:featuredmedia":[{"embeddable":true,"href":"https:\/\/archive.sana.sy\/es\/index.php?rest_route=\/wp\/v2\/media\/115754"}],"wp:attachment":[{"href":"https:\/\/archive.sana.sy\/es\/index.php?rest_route=%2Fwp%2Fv2%2Fmedia&parent=115753"}],"wp:term":[{"taxonomy":"category","embeddable":true,"href":"https:\/\/archive.sana.sy\/es\/index.php?rest_route=%2Fwp%2Fv2%2Fcategories&post=115753"},{"taxonomy":"post_tag","embeddable":true,"href":"https:\/\/archive.sana.sy\/es\/index.php?rest_route=%2Fwp%2Fv2%2Ftags&post=115753"}],"curies":[{"name":"wp","href":"https:\/\/api.w.org\/{rel}","templated":true}]}}