{"id":115760,"date":"2019-10-03T12:49:19","date_gmt":"2019-10-03T09:49:19","guid":{"rendered":"https:\/\/sana.sy\/es\/?p=115760"},"modified":"2019-10-03T12:49:49","modified_gmt":"2019-10-03T09:49:49","slug":"siria-y-jordania-por-afianzar-sus-relaciones-parlamentarias-y-economicas","status":"publish","type":"post","link":"https:\/\/archive.sana.sy\/es\/?p=115760","title":{"rendered":"Siria y Jordania por afianzar sus relaciones parlamentarias y econ\u00f3micas"},"content":{"rendered":"<p style=\"text-align: justify;\"><span style=\"color: #800000;\">Damasco, SANA<\/span><\/p>\n<p style=\"text-align: justify;\">El rol desempe\u00f1ado por los parlamentarios en impulsar la cooperaci\u00f3n bilateral entre Siria y Jordania, fue el tema principal del encuentro sostenido entre el presidente y los miembros la Comisi\u00f3n de Fraternidad Sirio-jordano en la Asamblea del Pueblo y el Encargado de Negocios en la Embajada jordana en Siria, Assem Al-Ababneh.<\/p>\n<p style=\"text-align: justify;\">Las dos partes repasaron una serie de cuestiones pendientes y obst\u00e1culos en relaci\u00f3n al transporte y la cooperaci\u00f3n comercial y econ\u00f3mica entre los dos pa\u00edses, y el papel de los parlamentos en trabajar para eliminar esos obst\u00e1culos.<\/p>\n<p style=\"text-align: justify;\">Los reunidos hicieron \u00e9nfasis en el positivo rol de la Comisi\u00f3n y su contribuci\u00f3n al desarrollo de las relaciones entre los dos pa\u00edses a nivel parlamentario y econ\u00f3mico.<\/p>\n<p style=\"text-align: justify;\">Por su parte, Ababneh ratific\u00f3 el inter\u00e9s de su pa\u00eds por comunicarse y cooperar con el gobierno sirio y mejorar las relaciones entre los parlamentarios en los dos pa\u00edses hermanos, y superar todas las trabas que obstaculizan el desarrollo de las relaciones econ\u00f3micas, comerciales y de otro tipo.<\/p>\n<p style=\"text-align: justify;\">El diplom\u00e1tico jordano se\u00f1al\u00f3 que la historia de las relaciones fraternas y de vecindad entre los dos pueblos no puede ser remplazada ni cambiada por ninguna presi\u00f3n o circunstancia.<\/p>\n<p style=\"text-align: justify;\">Por su parte, el presidente de la Comisi\u00f3n Parlamentaria de Fraternidad Sirio-jordano, Nayef Taleb al-Hariri, acot\u00f3 que los parlamentarios, tanto en Siria como en Jordania, aspiran a fortalecer las relaciones entre los dos pa\u00edses hermanos, y que las mismas fueron testigo de un desarrollo notable recientemente despu\u00e9s de la reapertura del cruce fronterizo de Naseeb-Jaber.<\/p>\n<p style=\"text-align: justify;\"><span style=\"color: #0000ff;\">fm\/ed<\/span><\/p>\n","protected":false},"excerpt":{"rendered":"<p>Damasco, SANA El rol desempe\u00f1ado por los parlamentarios en impulsar la cooperaci\u00f3n bilateral entre Siria y Jordania, fue el tema principal del encuentro sostenido entre el presidente y los miembros la Comisi\u00f3n de Fraternidad Sirio-jordano en la Asamblea del Pueblo y el Encargado de Negocios en la Embajada jordana en Siria, Assem Al-Ababneh. Las dos &hellip;<\/p>\n","protected":false},"author":32,"featured_media":115761,"comment_status":"closed","ping_status":"closed","sticky":false,"template":"","format":"standard","meta":{"footnotes":""},"categories":[597,476,7541],"tags":[16664],"class_list":["post-115760","post","type-post","status-publish","format-standard","has-post-thumbnail","","category-cinta-de-noticias","category-locales","category-ultimas-noticias","tag-siria-y-jordania-por-afianzar-sus-relaciones-parlamentarias-y-economicas"],"_links":{"self":[{"href":"https:\/\/archive.sana.sy\/es\/index.php?rest_route=\/wp\/v2\/posts\/115760"}],"collection":[{"href":"https:\/\/archive.sana.sy\/es\/index.php?rest_route=\/wp\/v2\/posts"}],"about":[{"href":"https:\/\/archive.sana.sy\/es\/index.php?rest_route=\/wp\/v2\/types\/post"}],"author":[{"embeddable":true,"href":"https:\/\/archive.sana.sy\/es\/index.php?rest_route=\/wp\/v2\/users\/32"}],"replies":[{"embeddable":true,"href":"https:\/\/archive.sana.sy\/es\/index.php?rest_route=%2Fwp%2Fv2%2Fcomments&post=115760"}],"version-history":[{"count":0,"href":"https:\/\/archive.sana.sy\/es\/index.php?rest_route=\/wp\/v2\/posts\/115760\/revisions"}],"wp:featuredmedia":[{"embeddable":true,"href":"https:\/\/archive.sana.sy\/es\/index.php?rest_route=\/wp\/v2\/media\/115761"}],"wp:attachment":[{"href":"https:\/\/archive.sana.sy\/es\/index.php?rest_route=%2Fwp%2Fv2%2Fmedia&parent=115760"}],"wp:term":[{"taxonomy":"category","embeddable":true,"href":"https:\/\/archive.sana.sy\/es\/index.php?rest_route=%2Fwp%2Fv2%2Fcategories&post=115760"},{"taxonomy":"post_tag","embeddable":true,"href":"https:\/\/archive.sana.sy\/es\/index.php?rest_route=%2Fwp%2Fv2%2Ftags&post=115760"}],"curies":[{"name":"wp","href":"https:\/\/api.w.org\/{rel}","templated":true}]}}