{"id":116155,"date":"2019-10-06T22:02:19","date_gmt":"2019-10-06T19:02:19","guid":{"rendered":"https:\/\/sana.sy\/es\/?p=116155"},"modified":"2019-10-07T21:49:34","modified_gmt":"2019-10-07T18:49:34","slug":"fuerzas-armadas-celebran-el-46-aniversario-de-la-guerra-de-liberacion-de-octubre","status":"publish","type":"post","link":"https:\/\/archive.sana.sy\/es\/?p=116155","title":{"rendered":"Fuerzas Armadas celebran el 46\u00ba aniversario de la guerra de liberaci\u00f3n de octubre"},"content":{"rendered":"<div>\n<p style=\"text-align: justify\"><strong><span style=\"color: #800000\"><u><span lang=\"ES-TRAD\">Damasco, SANA<\/span><\/u><\/span><\/strong><\/p>\n<p style=\"text-align: justify\"><span lang=\"ES-TRAD\">Las Fuerzas Armadas sirias conmemoraron el 46 aniversario de la guerra de liberaci\u00f3n de octubre.<\/span><\/p>\n<p style=\"text-align: justify\"><span lang=\"ES-TRAD\">En actos celebrados en los cuarteles y unidades del ej\u00e9rcito, los altos mandos pronunciaron palabras en las que se comprometieron a seguir desempe\u00f1ando su tarea de luchar contra los terroristas hasta restablecer la seguridad en todo el territorio nacional.<\/span><\/p>\n<p style=\"text-align: justify\"><span lang=\"ES-TRAD\">Asimismo, se efectuaron desfiles militares y ensayos que mostraron el alto nivel de preparaci\u00f3n y disciplina.<\/span><\/p>\n<p style=\"text-align: justify\"><span lang=\"ES-TRAD\">Por otro lado, los comandantes de las diferentes regiones militares visitaron los cementerios de los m\u00e1rtires donde colocaron ofrendas florales en honor a las almas de los ca\u00eddos y tambi\u00e9n visitaron los heridos en los hospitales.<\/span><\/p>\n<p>&nbsp;<\/p>\n<p style=\"text-align: justify\"><strong><span style=\"color: #0000ff\">Y. K.\/ F. Marouf<\/span><\/strong><\/p>\n<\/div>\n<p style=\"text-align: justify\">\n","protected":false},"excerpt":{"rendered":"<p>Damasco, SANA Las Fuerzas Armadas sirias conmemoraron el 46 aniversario de la guerra de liberaci\u00f3n de octubre. En actos celebrados en los cuarteles y unidades del ej\u00e9rcito, los altos mandos pronunciaron palabras en las que se comprometieron a seguir desempe\u00f1ando su tarea de luchar contra los terroristas hasta restablecer la seguridad en todo el territorio &hellip;<\/p>\n","protected":false},"author":1,"featured_media":116157,"comment_status":"closed","ping_status":"closed","sticky":false,"template":"","format":"standard","meta":{"footnotes":""},"categories":[447,476,7541],"tags":[16707],"class_list":["post-116155","post","type-post","status-publish","format-standard","has-post-thumbnail","","category-local-politica","category-locales","category-ultimas-noticias","tag-fuerzas-armadas-celebran-el-46o-aniversario-de-la-guerra-de-liberacion-de-octubre"],"_links":{"self":[{"href":"https:\/\/archive.sana.sy\/es\/index.php?rest_route=\/wp\/v2\/posts\/116155"}],"collection":[{"href":"https:\/\/archive.sana.sy\/es\/index.php?rest_route=\/wp\/v2\/posts"}],"about":[{"href":"https:\/\/archive.sana.sy\/es\/index.php?rest_route=\/wp\/v2\/types\/post"}],"author":[{"embeddable":true,"href":"https:\/\/archive.sana.sy\/es\/index.php?rest_route=\/wp\/v2\/users\/1"}],"replies":[{"embeddable":true,"href":"https:\/\/archive.sana.sy\/es\/index.php?rest_route=%2Fwp%2Fv2%2Fcomments&post=116155"}],"version-history":[{"count":0,"href":"https:\/\/archive.sana.sy\/es\/index.php?rest_route=\/wp\/v2\/posts\/116155\/revisions"}],"wp:featuredmedia":[{"embeddable":true,"href":"https:\/\/archive.sana.sy\/es\/index.php?rest_route=\/wp\/v2\/media\/116157"}],"wp:attachment":[{"href":"https:\/\/archive.sana.sy\/es\/index.php?rest_route=%2Fwp%2Fv2%2Fmedia&parent=116155"}],"wp:term":[{"taxonomy":"category","embeddable":true,"href":"https:\/\/archive.sana.sy\/es\/index.php?rest_route=%2Fwp%2Fv2%2Fcategories&post=116155"},{"taxonomy":"post_tag","embeddable":true,"href":"https:\/\/archive.sana.sy\/es\/index.php?rest_route=%2Fwp%2Fv2%2Ftags&post=116155"}],"curies":[{"name":"wp","href":"https:\/\/api.w.org\/{rel}","templated":true}]}}