{"id":116223,"date":"2019-10-07T16:34:38","date_gmt":"2019-10-07T13:34:38","guid":{"rendered":"https:\/\/sana.sy\/es\/?p=116223"},"modified":"2023-01-10T15:23:55","modified_gmt":"2023-01-10T13:23:55","slug":"comienza-recogida-del-algodon-en-el-norte-de-hama","status":"publish","type":"post","link":"https:\/\/archive.sana.sy\/es\/?p=116223","title":{"rendered":"Comienza recogida del algod\u00f3n en el norte de Hama"},"content":{"rendered":"<p style=\"text-align: justify;\"><span style=\"color: #800000;\">Hama, SANA<\/span><\/p>\n<p style=\"text-align: justify;\">Los agricultores del campo norte de la provincia central siria de Hama comenzaron hoy la recogida del algod\u00f3n.<\/p>\n<p style=\"text-align: justify;\">Seg\u00fan las autoridades agr\u00edcolas en la provincia, las tierras \u00a0sembradas de algod\u00f3n superan las 394 hect\u00e1reas.<\/p>\n<p style=\"text-align: justify;\">La ciudad de Alepo acogi\u00f3 recientemente el tradicional carnaval de algod\u00f3n tras ocho a\u00f1os de interrupci\u00f3n a consecuencia de la guerra terrorista impuesta.<\/p>\n<p style=\"text-align: justify;\">En recientes declaraciones, el Director de la Oficina de Algod\u00f3n, revel\u00f3 que las tierras sembradas de algod\u00f3n superan este a\u00f1o las 33 mil y se estima una producci\u00f3n de unas 100 mil toneladas.<\/p>\n<p style=\"text-align: justify;\"><strong><span style=\"color: #0000ff;\">F. Marouf<\/span><\/strong><\/p>\n","protected":false},"excerpt":{"rendered":"<p>Hama, SANA Los agricultores del campo norte de la provincia central siria de Hama comenzaron hoy la recogida del algod\u00f3n. Seg\u00fan las autoridades agr\u00edcolas en la provincia, las tierras \u00a0sembradas de algod\u00f3n superan las 394 hect\u00e1reas. La ciudad de Alepo acogi\u00f3 recientemente el tradicional carnaval de algod\u00f3n tras ocho a\u00f1os de interrupci\u00f3n a consecuencia de &hellip;<\/p>\n","protected":false},"author":34,"featured_media":116228,"comment_status":"closed","ping_status":"closed","sticky":false,"template":"","format":"standard","meta":{"footnotes":""},"categories":[447,597,16686,485,476,16688,7541],"tags":[16714],"class_list":["post-116223","post","type-post","status-publish","format-standard","has-post-thumbnail","","category-local-politica","category-cinta-de-noticias","category-economia","category-informes-negocios-y-finanzas","category-locales","category-nacionales","category-ultimas-noticias","tag-comienza-recogida-del-algodon-en-el-norte-de-hama"],"_links":{"self":[{"href":"https:\/\/archive.sana.sy\/es\/index.php?rest_route=\/wp\/v2\/posts\/116223"}],"collection":[{"href":"https:\/\/archive.sana.sy\/es\/index.php?rest_route=\/wp\/v2\/posts"}],"about":[{"href":"https:\/\/archive.sana.sy\/es\/index.php?rest_route=\/wp\/v2\/types\/post"}],"author":[{"embeddable":true,"href":"https:\/\/archive.sana.sy\/es\/index.php?rest_route=\/wp\/v2\/users\/34"}],"replies":[{"embeddable":true,"href":"https:\/\/archive.sana.sy\/es\/index.php?rest_route=%2Fwp%2Fv2%2Fcomments&post=116223"}],"version-history":[{"count":0,"href":"https:\/\/archive.sana.sy\/es\/index.php?rest_route=\/wp\/v2\/posts\/116223\/revisions"}],"wp:featuredmedia":[{"embeddable":true,"href":"https:\/\/archive.sana.sy\/es\/index.php?rest_route=\/wp\/v2\/media\/116228"}],"wp:attachment":[{"href":"https:\/\/archive.sana.sy\/es\/index.php?rest_route=%2Fwp%2Fv2%2Fmedia&parent=116223"}],"wp:term":[{"taxonomy":"category","embeddable":true,"href":"https:\/\/archive.sana.sy\/es\/index.php?rest_route=%2Fwp%2Fv2%2Fcategories&post=116223"},{"taxonomy":"post_tag","embeddable":true,"href":"https:\/\/archive.sana.sy\/es\/index.php?rest_route=%2Fwp%2Fv2%2Ftags&post=116223"}],"curies":[{"name":"wp","href":"https:\/\/api.w.org\/{rel}","templated":true}]}}