{"id":116230,"date":"2019-10-07T13:00:00","date_gmt":"2019-10-07T10:00:00","guid":{"rendered":"https:\/\/sana.sy\/es\/?p=116230"},"modified":"2019-10-07T16:53:02","modified_gmt":"2019-10-07T13:53:02","slug":"moscu-las-tropas-presentes-ilegalmente-en-el-territorio-sirio-deben-irse","status":"publish","type":"post","link":"https:\/\/archive.sana.sy\/es\/?p=116230","title":{"rendered":"Mosc\u00fa: las tropas presentes ilegalmente en el territorio sirio deben irse"},"content":{"rendered":"<p style=\"text-align: justify;\"><span style=\"color: #800000;\">Mosc\u00fa, SANA<\/span><\/p>\n<p style=\"text-align: justify;\">El portavoz de la presidencia rusa, Dmitry Peskov, ratific\u00f3 la posici\u00f3n de su pa\u00eds que exige la salida inmediata de todas las fuerzas militares extranjeras presentes ilegalmente en el territorio sirio.<\/p>\n<p style=\"text-align: justify;\">En declaraciones a la prensa, el vocero del Kremlin destac\u00f3 la necesidad de que el r\u00e9gimen turco se comprometa con una soluci\u00f3n pol\u00edtica a la crisis en Siria y evitar la toma de cualquier medida que impida esta soluci\u00f3n.<\/p>\n<p style=\"text-align: justify;\">\u201cNing\u00fan nuevo plan militar fue debatido entre el presidente ruso, Vladimir Putin, y su hom\u00f3logo turco, Recep Tayyip Erdogan\u201d dijo Pezkov.<\/p>\n<p style=\"text-align: justify;\">Esper\u00f3 que \u00a0Turqu\u00eda respete la soberan\u00eda, unidad e integridad territorial de Siria.<\/p>\n<p style=\"text-align: justify;\"><strong><span style=\"color: #0000ff;\">F. Marouf<\/span><\/strong><\/p>\n","protected":false},"excerpt":{"rendered":"<p>Mosc\u00fa, SANA El portavoz de la presidencia rusa, Dmitry Peskov, ratific\u00f3 la posici\u00f3n de su pa\u00eds que exige la salida inmediata de todas las fuerzas militares extranjeras presentes ilegalmente en el territorio sirio. En declaraciones a la prensa, el vocero del Kremlin destac\u00f3 la necesidad de que el r\u00e9gimen turco se comprometa con una soluci\u00f3n &hellip;<\/p>\n","protected":false},"author":34,"featured_media":116232,"comment_status":"closed","ping_status":"closed","sticky":false,"template":"","format":"standard","meta":{"footnotes":""},"categories":[597,456,7541],"tags":[16715],"class_list":["post-116230","post","type-post","status-publish","format-standard","has-post-thumbnail","","category-cinta-de-noticias","category-arabe-internacional-politica","category-ultimas-noticias","tag-moscu-las-tropas-presentes-ilegalmente-en-el-territorio-sirio-deben-irse"],"_links":{"self":[{"href":"https:\/\/archive.sana.sy\/es\/index.php?rest_route=\/wp\/v2\/posts\/116230"}],"collection":[{"href":"https:\/\/archive.sana.sy\/es\/index.php?rest_route=\/wp\/v2\/posts"}],"about":[{"href":"https:\/\/archive.sana.sy\/es\/index.php?rest_route=\/wp\/v2\/types\/post"}],"author":[{"embeddable":true,"href":"https:\/\/archive.sana.sy\/es\/index.php?rest_route=\/wp\/v2\/users\/34"}],"replies":[{"embeddable":true,"href":"https:\/\/archive.sana.sy\/es\/index.php?rest_route=%2Fwp%2Fv2%2Fcomments&post=116230"}],"version-history":[{"count":0,"href":"https:\/\/archive.sana.sy\/es\/index.php?rest_route=\/wp\/v2\/posts\/116230\/revisions"}],"wp:featuredmedia":[{"embeddable":true,"href":"https:\/\/archive.sana.sy\/es\/index.php?rest_route=\/wp\/v2\/media\/116232"}],"wp:attachment":[{"href":"https:\/\/archive.sana.sy\/es\/index.php?rest_route=%2Fwp%2Fv2%2Fmedia&parent=116230"}],"wp:term":[{"taxonomy":"category","embeddable":true,"href":"https:\/\/archive.sana.sy\/es\/index.php?rest_route=%2Fwp%2Fv2%2Fcategories&post=116230"},{"taxonomy":"post_tag","embeddable":true,"href":"https:\/\/archive.sana.sy\/es\/index.php?rest_route=%2Fwp%2Fv2%2Ftags&post=116230"}],"curies":[{"name":"wp","href":"https:\/\/api.w.org\/{rel}","templated":true}]}}