{"id":116234,"date":"2019-10-07T17:15:19","date_gmt":"2019-10-07T14:15:19","guid":{"rendered":"https:\/\/sana.sy\/es\/?p=116234"},"modified":"2019-10-07T17:24:57","modified_gmt":"2019-10-07T14:24:57","slug":"siria-y-la-onu-examinan-aspectos-relativos-al-desminado","status":"publish","type":"post","link":"https:\/\/archive.sana.sy\/es\/?p=116234","title":{"rendered":"Siria y la ONU examinan aspectos relativos al desminado"},"content":{"rendered":"<p style=\"text-align: justify;\"><span style=\"color: #800000;\">Damasco, SANA<\/span><\/p>\n<p style=\"text-align: justify;\">El Viceministro de Exteriores y Expatriados, Faisal Mekdad, examin\u00f3 con la Directora del Servicio de Acci\u00f3n contra las Minas de las Naciones Unidas (UNMAS), Agnes Marcaylo, los aspectos del trabajo de la organizaci\u00f3n en Siria.<\/p>\n<p style=\"text-align: justify;\">Mekdad enfatiz\u00f3 la importancia de fortalecer el aspecto operativo del programa de remoci\u00f3n de las minas que provocan la p\u00e9rdida de vidas y propiedades de los civiles sirios en las \u00e1reas que estaban dominadas por terroristas.<\/p>\n<p style=\"text-align: justify;\">Se\u00f1al\u00f3 que los grupos terroristas procedieron a implantar minas y explosivos en todas las partes para infligir el mayor da\u00f1o posible a los civiles.<\/p>\n<p style=\"text-align: justify;\">\u201cEl Estado sirio ha hecho grandes esfuerzos para eliminar las minas y seguir\u00e1 cooperando con el servicio de desminado de la ONU y proporcionar\u00e1 todas las facilidades necesarias para limpiar todas las \u00e1reas liberadas de las minas y los dispositivos explosivos\u201d, dijo el diplom\u00e1tico sirio.<\/p>\n<p style=\"text-align: justify;\">Denunci\u00f3 el hecho de que algunos pa\u00edses occidentales sigan reteniendo los fondos de la organizaci\u00f3n en Siria y tild\u00f3 esta pol\u00edtica de doble rasero hacia el pueblo sirio.<\/p>\n<p style=\"text-align: justify;\">Mekdad conden\u00f3 tambi\u00e9n, las medidas coercitivas unilaterales adoptadas por estos pa\u00edses occidentales, y que privan a los ciudadanos sirios de las posibilidades de enfrentar las dificultades que enfrentan.<\/p>\n<p><img loading=\"lazy\" decoding=\"async\" class=\"alignnone wp-image-116236\" src=\"https:\/\/sana.sy\/es\/wp-content\/uploads\/2019\/10\/6-44-300x173.jpg\" alt=\"\" width=\"406\" height=\"234\" srcset=\"https:\/\/archive.sana.sy\/es\/wp-content\/uploads\/2019\/10\/6-44-300x173.jpg 300w, https:\/\/archive.sana.sy\/es\/wp-content\/uploads\/2019\/10\/6-44-150x86.jpg 150w, https:\/\/archive.sana.sy\/es\/wp-content\/uploads\/2019\/10\/6-44.jpg 660w\" sizes=\"(max-width: 406px) 100vw, 406px\" \/><\/p>\n<p style=\"text-align: justify;\">A su vez, la Directora del UNMAS expres\u00f3 su agradecimiento por la cooperaci\u00f3n mostrada por Siria con su oficina, y se\u00f1al\u00f3 la importancia de continuar la coordinaci\u00f3n con la parte siria para lograr el objetivo deseado.<\/p>\n<p style=\"text-align: justify;\">Explic\u00f3 las etapas que la organizaci\u00f3n ha realizado en cooperaci\u00f3n con el lado sirio en el marco del trabajo para desarrollar las capacidades de Siria y aumentar la conciencia y la educaci\u00f3n de los ciudadanos sirios sobre los peligros de las minas.<\/p>\n<p style=\"text-align: justify;\"><strong><span style=\"color: #0000ff;\">F. Marouf<\/span><\/strong><\/p>\n","protected":false},"excerpt":{"rendered":"<p>Damasco, SANA El Viceministro de Exteriores y Expatriados, Faisal Mekdad, examin\u00f3 con la Directora del Servicio de Acci\u00f3n contra las Minas de las Naciones Unidas (UNMAS), Agnes Marcaylo, los aspectos del trabajo de la organizaci\u00f3n en Siria. Mekdad enfatiz\u00f3 la importancia de fortalecer el aspecto operativo del programa de remoci\u00f3n de las minas que provocan &hellip;<\/p>\n","protected":false},"author":34,"featured_media":116235,"comment_status":"closed","ping_status":"closed","sticky":false,"template":"","format":"standard","meta":{"footnotes":""},"categories":[447,597,476,16688,7541],"tags":[16716],"class_list":["post-116234","post","type-post","status-publish","format-standard","has-post-thumbnail","","category-local-politica","category-cinta-de-noticias","category-locales","category-nacionales","category-ultimas-noticias","tag-siria-y-la-onu-examinan-aspectos-relativos-al-desminado"],"_links":{"self":[{"href":"https:\/\/archive.sana.sy\/es\/index.php?rest_route=\/wp\/v2\/posts\/116234"}],"collection":[{"href":"https:\/\/archive.sana.sy\/es\/index.php?rest_route=\/wp\/v2\/posts"}],"about":[{"href":"https:\/\/archive.sana.sy\/es\/index.php?rest_route=\/wp\/v2\/types\/post"}],"author":[{"embeddable":true,"href":"https:\/\/archive.sana.sy\/es\/index.php?rest_route=\/wp\/v2\/users\/34"}],"replies":[{"embeddable":true,"href":"https:\/\/archive.sana.sy\/es\/index.php?rest_route=%2Fwp%2Fv2%2Fcomments&post=116234"}],"version-history":[{"count":0,"href":"https:\/\/archive.sana.sy\/es\/index.php?rest_route=\/wp\/v2\/posts\/116234\/revisions"}],"wp:featuredmedia":[{"embeddable":true,"href":"https:\/\/archive.sana.sy\/es\/index.php?rest_route=\/wp\/v2\/media\/116235"}],"wp:attachment":[{"href":"https:\/\/archive.sana.sy\/es\/index.php?rest_route=%2Fwp%2Fv2%2Fmedia&parent=116234"}],"wp:term":[{"taxonomy":"category","embeddable":true,"href":"https:\/\/archive.sana.sy\/es\/index.php?rest_route=%2Fwp%2Fv2%2Fcategories&post=116234"},{"taxonomy":"post_tag","embeddable":true,"href":"https:\/\/archive.sana.sy\/es\/index.php?rest_route=%2Fwp%2Fv2%2Ftags&post=116234"}],"curies":[{"name":"wp","href":"https:\/\/api.w.org\/{rel}","templated":true}]}}