{"id":116246,"date":"2019-10-07T16:39:12","date_gmt":"2019-10-07T13:39:12","guid":{"rendered":"https:\/\/sana.sy\/es\/?p=116246"},"modified":"2023-01-10T14:35:25","modified_gmt":"2023-01-10T12:35:25","slug":"sousan-la-guerra-que-enfrento-siria-fue-planificada-previamente","status":"publish","type":"post","link":"https:\/\/archive.sana.sy\/es\/?p=116246","title":{"rendered":"Sousan: la guerra que enfrent\u00f3 Siria fue planificada previamente"},"content":{"rendered":"<p style=\"text-align: justify;\"><span style=\"color: #800000;\">Latakia, SANA<\/span><\/p>\n<p style=\"text-align: justify;\">El Ministro Asistente de Exteriores y Emigrantes, Ayman Sousan, afirm\u00f3 que la guerra que enfrent\u00f3 Siria fue planificada previamente.<\/p>\n<p style=\"text-align: justify;\">\u201cLa pol\u00edtica siria durante la crisis se bas\u00f3 en tres ejes fundamentales y son: la lucha contra el terrorismo, la reconciliaci\u00f3n nacional y las iniciativas serias y sinceras para la soluci\u00f3n\u201d, dijo Sousan en un encuentro organizado por la Liga de Ciencias Pol\u00edticas en la provincia costera de Latakia.<\/p>\n<p style=\"text-align: justify;\">El diplom\u00e1tico sirio explic\u00f3 que \u201cla Constituci\u00f3n es un asunto soberano y nacional, y nadie tiene derecho a intervenir en el mismo a excepci\u00f3n de los sirios\u201d.<\/p>\n<p style=\"text-align: justify;\">&#8220;No le interesa a Estados Unidos extinguir ning\u00fan fuego en el mundo porque eso garantiza la continuidad de su dominio e hegemon\u00eda\u201d, opin\u00f3.<\/p>\n<p style=\"text-align: justify;\">En respuesta a las intervenciones de los presentes, Sousan enfatiz\u00f3 que el ej\u00e9rcito sirio puede llegar a cada pulgada de territorio nacional, e Idleb volver\u00e1 al regazo de la patria pronto.<\/p>\n<p style=\"text-align: justify;\">La Liga \u00c1rabe no puede ser \u00e1rabe sin Siria y cualquier retorno de Siria a la misma ser\u00e1 por el bien del pueblo sirio y la naci\u00f3n \u00e1rabe\u201d, concluy\u00f3.<\/p>\n<p style=\"text-align: justify;\"><span style=\"color: #0000ff;\"><strong>F. Marouf<\/strong><\/span><\/p>\n","protected":false},"excerpt":{"rendered":"<p>Latakia, SANA El Ministro Asistente de Exteriores y Emigrantes, Ayman Sousan, afirm\u00f3 que la guerra que enfrent\u00f3 Siria fue planificada previamente. \u201cLa pol\u00edtica siria durante la crisis se bas\u00f3 en tres ejes fundamentales y son: la lucha contra el terrorismo, la reconciliaci\u00f3n nacional y las iniciativas serias y sinceras para la soluci\u00f3n\u201d, dijo Sousan en &hellip;<\/p>\n","protected":false},"author":34,"featured_media":116247,"comment_status":"closed","ping_status":"closed","sticky":false,"template":"","format":"standard","meta":{"footnotes":""},"categories":[447,597,476,16688,7541],"tags":[16718],"class_list":["post-116246","post","type-post","status-publish","format-standard","has-post-thumbnail","","category-local-politica","category-cinta-de-noticias","category-locales","category-nacionales","category-ultimas-noticias","tag-sousan-la-guerra-que-enfrento-siria-fue-planificada-previamente"],"_links":{"self":[{"href":"https:\/\/archive.sana.sy\/es\/index.php?rest_route=\/wp\/v2\/posts\/116246"}],"collection":[{"href":"https:\/\/archive.sana.sy\/es\/index.php?rest_route=\/wp\/v2\/posts"}],"about":[{"href":"https:\/\/archive.sana.sy\/es\/index.php?rest_route=\/wp\/v2\/types\/post"}],"author":[{"embeddable":true,"href":"https:\/\/archive.sana.sy\/es\/index.php?rest_route=\/wp\/v2\/users\/34"}],"replies":[{"embeddable":true,"href":"https:\/\/archive.sana.sy\/es\/index.php?rest_route=%2Fwp%2Fv2%2Fcomments&post=116246"}],"version-history":[{"count":0,"href":"https:\/\/archive.sana.sy\/es\/index.php?rest_route=\/wp\/v2\/posts\/116246\/revisions"}],"wp:featuredmedia":[{"embeddable":true,"href":"https:\/\/archive.sana.sy\/es\/index.php?rest_route=\/wp\/v2\/media\/116247"}],"wp:attachment":[{"href":"https:\/\/archive.sana.sy\/es\/index.php?rest_route=%2Fwp%2Fv2%2Fmedia&parent=116246"}],"wp:term":[{"taxonomy":"category","embeddable":true,"href":"https:\/\/archive.sana.sy\/es\/index.php?rest_route=%2Fwp%2Fv2%2Fcategories&post=116246"},{"taxonomy":"post_tag","embeddable":true,"href":"https:\/\/archive.sana.sy\/es\/index.php?rest_route=%2Fwp%2Fv2%2Ftags&post=116246"}],"curies":[{"name":"wp","href":"https:\/\/api.w.org\/{rel}","templated":true}]}}