{"id":116251,"date":"2019-10-07T21:32:29","date_gmt":"2019-10-07T18:32:29","guid":{"rendered":"https:\/\/sana.sy\/es\/?p=116251"},"modified":"2019-10-08T18:53:56","modified_gmt":"2019-10-08T15:53:56","slug":"ee-uu-conspira-con-turquia-para-agredir-contra-territorio-sirio","status":"publish","type":"post","link":"https:\/\/archive.sana.sy\/es\/?p=116251","title":{"rendered":"EE.UU conspira con Turqu\u00eda para agredir al territorio sirio"},"content":{"rendered":"<p style=\"text-align: justify\"><span style=\"color: #800000\">Damasco, SANA<\/span><\/p>\n<p style=\"text-align: justify\">Washington dio \u201cluz verde\u201d a Ankara para lanzar una agresi\u00f3n contra los sirios en la regi\u00f3n de A-Jazeera (nombre geogr\u00e1fico del territorio sirio ubicado al este del r\u00edo \u00c9ufrates), hecho que demuestra la conspiraci\u00f3n y complicidad entre los gobiernos de estos dos pa\u00edses para agredir al territorio sirio.<\/p>\n<p style=\"text-align: justify\">La Casa Blanca anunci\u00f3 en un comunicado, que el r\u00e9gimen turco mantendr\u00e1 sus planes en la regi\u00f3n de Al-Jazeera, y que las fuerzas de estadounidense no apoyar\u00e1n al ej\u00e9rcito turco en su ofensiva militar, lo que revela c\u00f3mo Washington y Ankara alternan el papel hostil contra de Siria.<\/p>\n<p style=\"text-align: justify\">Despu\u00e9s del comunicado, fuentes locales y medi\u00e1ticas confirmaron que las fuerzas estadounidenses evacuaron sus bases de las zonas donde estaban desplegadas a lo largo de la frontera siria-turca, y allanaron as\u00ed el camino ante las fuerzas turcas para agredir al territorio sirio.<\/p>\n<p style=\"text-align: justify\">Con la retirada de sus tropas, EE.UU tambi\u00e9n rompi\u00f3 sus promesas que hab\u00eda dado a las las autoproclamadas milicias separatistas Fuerzas Democr\u00e1ticas de Siria (QSD, por sus siglas en \u00e1rabe), las cuales utiliz\u00f3 como instrumentos a lo largo de la guerra terroristas desatada en contra de Siria y su pueblo.<\/p>\n<p style=\"text-align: justify\">EE.UU y el r\u00e9gimen turco hab\u00edan acordado el pasado mes de agosto establecer una \u201czona de amortiguaci\u00f3n\u201d, en las fronteras sirio-turcas en una flagrante violaci\u00f3n de las leyes internacionales.<\/p>\n<p style=\"text-align: justify\"><strong><span style=\"color: #0000ff\">Y. K.\/ F. Marouf<\/span><\/strong><\/p>\n","protected":false},"excerpt":{"rendered":"<p>Damasco, SANA Washington dio \u201cluz verde\u201d a Ankara para lanzar una agresi\u00f3n contra los sirios en la regi\u00f3n de A-Jazeera (nombre geogr\u00e1fico del territorio sirio ubicado al este del r\u00edo \u00c9ufrates), hecho que demuestra la conspiraci\u00f3n y complicidad entre los gobiernos de estos dos pa\u00edses para agredir al territorio sirio. La Casa Blanca anunci\u00f3 en &hellip;<\/p>\n","protected":false},"author":1,"featured_media":116252,"comment_status":"closed","ping_status":"closed","sticky":false,"template":"","format":"standard","meta":{"footnotes":""},"categories":[597,456,573,476,7541],"tags":[16720],"class_list":["post-116251","post","type-post","status-publish","format-standard","has-post-thumbnail","","category-cinta-de-noticias","category-arabe-internacional-politica","category-la-realidad-de-los-acontecimientos-en-siria","category-locales","category-ultimas-noticias","tag-ee-uu-conspira-con-turquia-para-agredir-al-territorio-sirio"],"_links":{"self":[{"href":"https:\/\/archive.sana.sy\/es\/index.php?rest_route=\/wp\/v2\/posts\/116251"}],"collection":[{"href":"https:\/\/archive.sana.sy\/es\/index.php?rest_route=\/wp\/v2\/posts"}],"about":[{"href":"https:\/\/archive.sana.sy\/es\/index.php?rest_route=\/wp\/v2\/types\/post"}],"author":[{"embeddable":true,"href":"https:\/\/archive.sana.sy\/es\/index.php?rest_route=\/wp\/v2\/users\/1"}],"replies":[{"embeddable":true,"href":"https:\/\/archive.sana.sy\/es\/index.php?rest_route=%2Fwp%2Fv2%2Fcomments&post=116251"}],"version-history":[{"count":0,"href":"https:\/\/archive.sana.sy\/es\/index.php?rest_route=\/wp\/v2\/posts\/116251\/revisions"}],"wp:featuredmedia":[{"embeddable":true,"href":"https:\/\/archive.sana.sy\/es\/index.php?rest_route=\/wp\/v2\/media\/116252"}],"wp:attachment":[{"href":"https:\/\/archive.sana.sy\/es\/index.php?rest_route=%2Fwp%2Fv2%2Fmedia&parent=116251"}],"wp:term":[{"taxonomy":"category","embeddable":true,"href":"https:\/\/archive.sana.sy\/es\/index.php?rest_route=%2Fwp%2Fv2%2Fcategories&post=116251"},{"taxonomy":"post_tag","embeddable":true,"href":"https:\/\/archive.sana.sy\/es\/index.php?rest_route=%2Fwp%2Fv2%2Ftags&post=116251"}],"curies":[{"name":"wp","href":"https:\/\/api.w.org\/{rel}","templated":true}]}}