{"id":116564,"date":"2019-10-10T18:05:59","date_gmt":"2019-10-10T15:05:59","guid":{"rendered":"https:\/\/sana.sy\/es\/?p=116564"},"modified":"2019-10-10T18:10:19","modified_gmt":"2019-10-10T15:10:19","slug":"continuan-condenas-internacionales-a-la-agresion-turca-contra-el-territorio-sirio","status":"publish","type":"post","link":"https:\/\/archive.sana.sy\/es\/?p=116564","title":{"rendered":"Contin\u00faan condenas internacionales a la agresi\u00f3n turca contra el territorio sirio"},"content":{"rendered":"<p style=\"text-align: justify;\"><span style=\"color: #800000;\">Capitales, SANA<\/span><\/p>\n<p style=\"text-align: justify;\">La agresi\u00f3n turca contra el territorio sirio ha sido en\u00e9rgicamente condenada por gobiernos de pa\u00edses en la regi\u00f3n y el mundo.<\/p>\n<p style=\"text-align: justify;\"><strong><span style=\"color: #0000ff;\">Canciller\u00eda jordana condena agresi\u00f3n turca contra Siria<\/span><\/strong><\/p>\n<p style=\"text-align: justify;\">El Ministerio de Asuntos Exteriores de Jordania conden\u00f3 la agresi\u00f3n turca contra el territorio sirio y exigi\u00f3 su inmediata detenci\u00f3n.<\/p>\n<p style=\"text-align: justify;\">El canciller jordano Ayman Safadi, exigi\u00f3 que Turqu\u00eda detenga su ataque contra Siria de inmediato y rechaz\u00f3 cualquier acci\u00f3n que afecte su soberan\u00eda y unidad.<\/p>\n<p style=\"text-align: justify;\">Los operativos militares turcos fueron condenados tambi\u00e9n por Canad\u00e1.<\/p>\n<p style=\"text-align: justify;\">La canciller de esta naci\u00f3n, Christia Freeland, manifest\u00f3 que Ottawa considera que la agresi\u00f3n de Turqu\u00eda socava la estabilidad de la regi\u00f3n y los esfuerzos para combatir al terrorismo del Daesh.<\/p>\n<p style=\"text-align: justify;\">Canad\u00e1 llama a proteger a los civiles y todas y exige a las partes que respeten sus obligaciones en virtud del derecho internacional\u201d. dijo Freeland.<\/p>\n<p style=\"text-align: justify;\"><strong><span style=\"color: #0000ff;\">Australia: la agresi\u00f3n turca gener\u00f3 estado de inestabilidad<\/span><\/strong><\/p>\n<p style=\"text-align: justify;\">Australia expres\u00f3 su preocupaci\u00f3n por la acci\u00f3n hostil turca contra el territorio sirio por ser desestabilizadora, y adem\u00e1s crea condiciones favorables para el resurgimiento del grupo terrorista Daesh.<\/p>\n<p style=\"text-align: justify;\">\u201cEl comportamiento del r\u00e9gimen turco es muy preocupante\u201d, dijo Scott Morrison , el Primer Ministro de Australia en declaraciones citadas por la agencia AP.<\/p>\n<p style=\"text-align: justify;\">Agreg\u00f3 que la agresi\u00f3n turca gener\u00f3 un estado de inestabilidad en las regiones del noreste de Siria.<\/p>\n<p style=\"text-align: justify;\"><strong><span style=\"color: #0000ff;\">Armenia condena agresi\u00f3n turca contra Siria<\/span><\/strong><\/p>\n<p style=\"text-align: justify;\">Por su parte, Armenia conden\u00f3 la agresi\u00f3n turca y subray\u00f3 la necesidad de preservar la unidad y soberan\u00eda de Siria.<br \/>\nUn comunicado del ministerio armenio de Exteriores afirm\u00f3 que la operaci\u00f3n turca constituye una amenaza directa y una violaci\u00f3n de los derechos humanos.<\/p>\n<p style=\"text-align: justify;\">\u201cLa agresi\u00f3n llevar\u00eda a una cat\u00e1strofe humanitaria y un desplazamiento masivo de civiles\u201d, indic\u00f3 la nota.<\/p>\n<p style=\"text-align: justify;\">Recalc\u00f3 la necesidad de preservar la unidad y soberan\u00eda de Siria, e inst\u00f3 que se despliegan esfuerzos internacionales eficaces para detener la agresi\u00f3n y prevenir las atrocidades contra los civiles<\/p>\n<p style=\"text-align: justify;\"><strong><span style=\"color: #0000ff;\">Praga rechaza acciones militares turcas en Siria<\/span> <\/strong><\/p>\n<p style=\"text-align: justify;\">El ministro de Exteriores checo, Tomasz Petrjecik, conden\u00f3 la agresi\u00f3n turca contra Siria y exigi\u00f3 su inmediata detenci\u00f3n, as\u00ed como advirti\u00f3 que la situaci\u00f3n en la regi\u00f3n se est\u00e1 deteriorando.<\/p>\n<p style=\"text-align: justify;\">El canciller checo pidi\u00f3 a la Uni\u00f3n Europea y otras potencias que presionen al r\u00e9gimen turco para que detenga su agresi\u00f3n.<\/p>\n<p style=\"text-align: justify;\">&#8220;Garantizar la seguridad de la frontera turca se debe conseguir de otra forma que no sean la agresi\u00f3n&#8221;, explic\u00f3.<\/p>\n<p style=\"text-align: justify;\"><strong><span style=\"color: #0000ff;\">B\u00e9lgica exige detener la agresi\u00f3n turca contra el territorio sirio<\/span><\/strong><\/p>\n<p style=\"text-align: justify;\">La Comisionada de Pol\u00edtica Exterior de la Uni\u00f3n Europa (UE), Federica Mogherini, exigi\u00f3 al r\u00e9gimen turco que cese de inmediato su agresi\u00f3n contra Siria, y ratific\u00f3 el compromiso de la UE con la unidad de Siria.<\/p>\n<p style=\"text-align: justify;\">Ante el Parlamento Europeo, Mogherini dijo que esta agresi\u00f3n obstaculiza la soluci\u00f3n pol\u00edtica en Siria y agrava el sufrimiento de civiles y provoca m\u00e1s desplazamiento.<\/p>\n<p style=\"text-align: justify;\">Tambi\u00e9n, indic\u00f3 que los bombardeos turcos proporcionan terreno f\u00e9rtil para el grupo terrorista Daesh que a\u00fan representa una amenaza para la seguridad de la regi\u00f3n y el mundo.<\/p>\n<p style=\"text-align: justify;\"><strong><span style=\"color: #0000ff;\">FM\/WS\/ED<\/span><\/strong><\/p>\n","protected":false},"excerpt":{"rendered":"<p>Capitales, SANA La agresi\u00f3n turca contra el territorio sirio ha sido en\u00e9rgicamente condenada por gobiernos de pa\u00edses en la regi\u00f3n y el mundo. Canciller\u00eda jordana condena agresi\u00f3n turca contra Siria El Ministerio de Asuntos Exteriores de Jordania conden\u00f3 la agresi\u00f3n turca contra el territorio sirio y exigi\u00f3 su inmediata detenci\u00f3n. El canciller jordano Ayman Safadi, &hellip;<\/p>\n","protected":false},"author":34,"featured_media":116570,"comment_status":"closed","ping_status":"closed","sticky":false,"template":"","format":"standard","meta":{"footnotes":""},"categories":[597,573,476,16688,7541],"tags":[],"class_list":["post-116564","post","type-post","status-publish","format-standard","has-post-thumbnail","","category-cinta-de-noticias","category-la-realidad-de-los-acontecimientos-en-siria","category-locales","category-nacionales","category-ultimas-noticias"],"_links":{"self":[{"href":"https:\/\/archive.sana.sy\/es\/index.php?rest_route=\/wp\/v2\/posts\/116564"}],"collection":[{"href":"https:\/\/archive.sana.sy\/es\/index.php?rest_route=\/wp\/v2\/posts"}],"about":[{"href":"https:\/\/archive.sana.sy\/es\/index.php?rest_route=\/wp\/v2\/types\/post"}],"author":[{"embeddable":true,"href":"https:\/\/archive.sana.sy\/es\/index.php?rest_route=\/wp\/v2\/users\/34"}],"replies":[{"embeddable":true,"href":"https:\/\/archive.sana.sy\/es\/index.php?rest_route=%2Fwp%2Fv2%2Fcomments&post=116564"}],"version-history":[{"count":0,"href":"https:\/\/archive.sana.sy\/es\/index.php?rest_route=\/wp\/v2\/posts\/116564\/revisions"}],"wp:featuredmedia":[{"embeddable":true,"href":"https:\/\/archive.sana.sy\/es\/index.php?rest_route=\/wp\/v2\/media\/116570"}],"wp:attachment":[{"href":"https:\/\/archive.sana.sy\/es\/index.php?rest_route=%2Fwp%2Fv2%2Fmedia&parent=116564"}],"wp:term":[{"taxonomy":"category","embeddable":true,"href":"https:\/\/archive.sana.sy\/es\/index.php?rest_route=%2Fwp%2Fv2%2Fcategories&post=116564"},{"taxonomy":"post_tag","embeddable":true,"href":"https:\/\/archive.sana.sy\/es\/index.php?rest_route=%2Fwp%2Fv2%2Ftags&post=116564"}],"curies":[{"name":"wp","href":"https:\/\/api.w.org\/{rel}","templated":true}]}}