{"id":116584,"date":"2019-10-10T16:20:55","date_gmt":"2019-10-10T13:20:55","guid":{"rendered":"https:\/\/sana.sy\/es\/?p=116584"},"modified":"2019-10-10T16:20:55","modified_gmt":"2019-10-10T13:20:55","slug":"comienzan-celebraciones-de-alepo-como-capital-de-la-cultura-siria","status":"publish","type":"post","link":"https:\/\/archive.sana.sy\/es\/?p=116584","title":{"rendered":"Comienzan celebraciones de Alepo como capital de la cultura siria"},"content":{"rendered":"<p style=\"text-align: justify;\"><span style=\"color: #800000;\">Alepo, SANA<\/span><\/p>\n<p style=\"text-align: justify;\">Comenzaron hoy las celebraciones de Alepo como capital de la cultura siria, e incluyen exposiciones de arte, seminarios, tertulias literarias y actuaciones teatrales.<\/p>\n<p style=\"text-align: justify;\">La ceremonia de apertura incluy\u00f3 bailes tradicionales y un espect\u00e1culo teatral que documenta la historia literaria de Alepo y su legado intelectual.<\/p>\n<p style=\"text-align: justify;\">Adem\u00e1s, fueron homenajeadas destacadas figuras en el campo de la literatura y el arte por su notable e imborrable quehacer.<br \/>\nLa viceministra de Cultura, Sanaa Shawa afirm\u00f3 que Alepo abraza a importantes figuras literarias y po\u00e9ticas, y su legado es rico en los campos de la cultura, el conocimiento, el arte, la poes\u00eda y la m\u00fasica.<\/p>\n<p style=\"text-align: justify;\">La ceremonia seg\u00fan el jefe del Departamento de Cultura de Alepo, Jaber Sajour, dura 30 d\u00edas durante los cuales se organizar\u00e1n 100 actividades art\u00edsticas, culturales y literarias.<\/p>\n<p style=\"text-align: justify;\">Los m\u00e1s famosos poetas, escritores y cantautores nacieron en Alepo lo cual hizo que esta ciudad sea merecedora de ser capital de la cultura siria, afirmaron los participantes en la ceremonia.<\/p>\n<p><img loading=\"lazy\" decoding=\"async\" class=\"alignnone  wp-image-116586\" src=\"https:\/\/sana.sy\/es\/wp-content\/uploads\/2019\/10\/99-9-300x195.jpg\" alt=\"\" width=\"428\" height=\"278\" srcset=\"https:\/\/archive.sana.sy\/es\/wp-content\/uploads\/2019\/10\/99-9-300x195.jpg 300w, https:\/\/archive.sana.sy\/es\/wp-content\/uploads\/2019\/10\/99-9-150x97.jpg 150w, https:\/\/archive.sana.sy\/es\/wp-content\/uploads\/2019\/10\/99-9.jpg 660w\" sizes=\"(max-width: 428px) 100vw, 428px\" \/><\/p>\n<p style=\"text-align: justify;\"><strong><span style=\"color: #0000ff;\">WS\/FM<\/span><\/strong><\/p>\n","protected":false},"excerpt":{"rendered":"<p>Alepo, SANA Comenzaron hoy las celebraciones de Alepo como capital de la cultura siria, e incluyen exposiciones de arte, seminarios, tertulias literarias y actuaciones teatrales. La ceremonia de apertura incluy\u00f3 bailes tradicionales y un espect\u00e1culo teatral que documenta la historia literaria de Alepo y su legado intelectual. Adem\u00e1s, fueron homenajeadas destacadas figuras en el campo &hellip;<\/p>\n","protected":false},"author":34,"featured_media":116585,"comment_status":"closed","ping_status":"closed","sticky":false,"template":"","format":"standard","meta":{"footnotes":""},"categories":[447,597,510,476,7541],"tags":[16748],"class_list":["post-116584","post","type-post","status-publish","format-standard","has-post-thumbnail","","category-local-politica","category-cinta-de-noticias","category-arte-y-cultura","category-locales","category-ultimas-noticias","tag-comienzan-celebraciones-de-alepo-como-capital-de-la-cultura-siria"],"_links":{"self":[{"href":"https:\/\/archive.sana.sy\/es\/index.php?rest_route=\/wp\/v2\/posts\/116584"}],"collection":[{"href":"https:\/\/archive.sana.sy\/es\/index.php?rest_route=\/wp\/v2\/posts"}],"about":[{"href":"https:\/\/archive.sana.sy\/es\/index.php?rest_route=\/wp\/v2\/types\/post"}],"author":[{"embeddable":true,"href":"https:\/\/archive.sana.sy\/es\/index.php?rest_route=\/wp\/v2\/users\/34"}],"replies":[{"embeddable":true,"href":"https:\/\/archive.sana.sy\/es\/index.php?rest_route=%2Fwp%2Fv2%2Fcomments&post=116584"}],"version-history":[{"count":0,"href":"https:\/\/archive.sana.sy\/es\/index.php?rest_route=\/wp\/v2\/posts\/116584\/revisions"}],"wp:featuredmedia":[{"embeddable":true,"href":"https:\/\/archive.sana.sy\/es\/index.php?rest_route=\/wp\/v2\/media\/116585"}],"wp:attachment":[{"href":"https:\/\/archive.sana.sy\/es\/index.php?rest_route=%2Fwp%2Fv2%2Fmedia&parent=116584"}],"wp:term":[{"taxonomy":"category","embeddable":true,"href":"https:\/\/archive.sana.sy\/es\/index.php?rest_route=%2Fwp%2Fv2%2Fcategories&post=116584"},{"taxonomy":"post_tag","embeddable":true,"href":"https:\/\/archive.sana.sy\/es\/index.php?rest_route=%2Fwp%2Fv2%2Ftags&post=116584"}],"curies":[{"name":"wp","href":"https:\/\/api.w.org\/{rel}","templated":true}]}}