{"id":116588,"date":"2019-10-10T16:30:13","date_gmt":"2019-10-10T13:30:13","guid":{"rendered":"https:\/\/sana.sy\/es\/?p=116588"},"modified":"2019-10-12T06:48:07","modified_gmt":"2019-10-12T03:48:07","slug":"damasco-erdogan-es-un-criminal-y-su-regimen-esta-cometiendo-masacres-en-siria","status":"publish","type":"post","link":"https:\/\/archive.sana.sy\/es\/?p=116588","title":{"rendered":"Damasco: Erdogan es un criminal y su r\u00e9gimen est\u00e1 cometiendo masacres en Siria"},"content":{"rendered":"<p style=\"text-align: justify;\"><span style=\"color: #800000;\">Damasco, SANA<\/span><\/p>\n<p style=\"text-align: justify;\">Siria afirm\u00f3 que las declaraciones del presidente del r\u00e9gimen turco sobre su af\u00e1n por proteger al pueblo sirio y sus derechos solo pueden salirse de una persona desconectada de la realidad.<\/p>\n<p style=\"text-align: justify;\">Un comunicado de la canciller\u00eda siria reafirm\u00f3 que Damasco enfrentar\u00e1 la agresi\u00f3n turca en cualquier parte de Siria y por todos los medios leg\u00edtimos.<\/p>\n<p style=\"text-align: justify;\">\u201cTras su continuo apoyo a los terroristas en Siria, y ofrecerles todo tipo de armamento, entrenamiento y protecci\u00f3n, y enviarlos a matar a los sirios, el jefe del r\u00e9gimen turco emite declaraciones que demuestran que el mismo est\u00e1 desconectado de la realidad\u201d, afirm\u00f3 la nota.<\/p>\n<p style=\"text-align: justify;\">Erdogan, seg\u00fan la canciller\u00eda siria, miente al alegar tener af\u00e1n por proteger al pueblo sirio, porque en realidad es un asesino involucrado junto a su r\u00e9gimen criminal, en apoyar a los grupos terroristas y cometer masacres contra los civiles sirios en m\u00e1s de una regi\u00f3n.<\/p>\n<p style=\"text-align: justify;\">\u201cEsas declaraciones muestran la doble cara de este asesino que ataca a la poblaci\u00f3n civil en el norte de Siria bajo el pretexto de luchar contra el terrorismo y bajo falsos lemas humanitarios\u201d, precis\u00f3 canciller\u00eda.<\/p>\n<p style=\"text-align: justify;\">El comunicado ratific\u00f3 la determinaci\u00f3n de Damasco de enfrentar la brutal agresi\u00f3n turca en todas sus formas, en cualquier parte de Siria y por todos los medios leg\u00edtimos.<\/p>\n<p style=\"text-align: justify;\">\u201cSiria seguir\u00e1 adelante la lucha contra el terrorismo y afirma que la protecci\u00f3n del pueblo sirio es tarea exclusiva del ej\u00e9rcito \u00e1rabe sirio\u201d, concluy\u00f3 el Ministerio sirio de Exteriores su declaraci\u00f3n.<\/p>\n<p style=\"text-align: justify;\"><span style=\"color: #0000ff;\"><strong><span style=\"color: #0000ff;\">FM\/ED<\/span><\/strong><\/span><\/p>\n","protected":false},"excerpt":{"rendered":"<p>Damasco, SANA Siria afirm\u00f3 que las declaraciones del presidente del r\u00e9gimen turco sobre su af\u00e1n por proteger al pueblo sirio y sus derechos solo pueden salirse de una persona desconectada de la realidad. Un comunicado de la canciller\u00eda siria reafirm\u00f3 que Damasco enfrentar\u00e1 la agresi\u00f3n turca en cualquier parte de Siria y por todos los &hellip;<\/p>\n","protected":false},"author":34,"featured_media":116589,"comment_status":"closed","ping_status":"closed","sticky":false,"template":"","format":"standard","meta":{"footnotes":""},"categories":[597,16688,476],"tags":[16749],"class_list":["post-116588","post","type-post","status-publish","format-standard","has-post-thumbnail","","category-cinta-de-noticias","category-nacionales","category-locales","tag-damasco-erdogan-es-un-criminal-y-su-regimen-esta-cometiendo-masacres-en-siria"],"_links":{"self":[{"href":"https:\/\/archive.sana.sy\/es\/index.php?rest_route=\/wp\/v2\/posts\/116588"}],"collection":[{"href":"https:\/\/archive.sana.sy\/es\/index.php?rest_route=\/wp\/v2\/posts"}],"about":[{"href":"https:\/\/archive.sana.sy\/es\/index.php?rest_route=\/wp\/v2\/types\/post"}],"author":[{"embeddable":true,"href":"https:\/\/archive.sana.sy\/es\/index.php?rest_route=\/wp\/v2\/users\/34"}],"replies":[{"embeddable":true,"href":"https:\/\/archive.sana.sy\/es\/index.php?rest_route=%2Fwp%2Fv2%2Fcomments&post=116588"}],"version-history":[{"count":0,"href":"https:\/\/archive.sana.sy\/es\/index.php?rest_route=\/wp\/v2\/posts\/116588\/revisions"}],"wp:featuredmedia":[{"embeddable":true,"href":"https:\/\/archive.sana.sy\/es\/index.php?rest_route=\/wp\/v2\/media\/116589"}],"wp:attachment":[{"href":"https:\/\/archive.sana.sy\/es\/index.php?rest_route=%2Fwp%2Fv2%2Fmedia&parent=116588"}],"wp:term":[{"taxonomy":"category","embeddable":true,"href":"https:\/\/archive.sana.sy\/es\/index.php?rest_route=%2Fwp%2Fv2%2Fcategories&post=116588"},{"taxonomy":"post_tag","embeddable":true,"href":"https:\/\/archive.sana.sy\/es\/index.php?rest_route=%2Fwp%2Fv2%2Ftags&post=116588"}],"curies":[{"name":"wp","href":"https:\/\/api.w.org\/{rel}","templated":true}]}}