{"id":116822,"date":"2019-10-13T17:45:15","date_gmt":"2019-10-13T14:45:15","guid":{"rendered":"https:\/\/sana.sy\/es\/?p=116822"},"modified":"2023-01-09T14:08:41","modified_gmt":"2023-01-09T12:08:41","slug":"agresion-turca-contra-el-territorio-sirio-entra-en-su-quinto-dia","status":"publish","type":"post","link":"https:\/\/archive.sana.sy\/es\/?p=116822","title":{"rendered":"Fuerzas agresoras turcas ocupan poblados en el nordeste de Siria"},"content":{"rendered":"<p style=\"text-align: justify;\"><span style=\"color: #800000;\">Hasakeh, SANA<\/span><\/p>\n<p>La agresi\u00f3n militar del ej\u00e9rcito turco contra el territorio sirio entr\u00f3 hoy en su quinto d\u00eda, causando m\u00e1s v\u00edctimas mortales entre los civiles y destrucci\u00f3n en las zonas residenciales y la infraestructura.<\/p>\n<p>&#8220;La fuerzas agresoras turcas ocuparon el poblado de Suluk en el nordeste de la provincia de Raqa y los poblados de Dwera, Rajaan y Hourubi en el campo norte de Hassakeh&#8221;, report\u00f3 el corresponsal de SANA.<\/p>\n<p>Asimismo, grupos del ocupante turco y sus mercenarios llegaron al tramo de la carretera internacional entre las localidades de Tel Tamer y Ain Issa.<\/p>\n<p>Por otro lado, la milicia separatista QSD evacu\u00f3 el campamento de Ain Issa en el campo norte de Raqqa, el cual acog\u00eda a 10 mil desplazados, despu\u00e9s de ataques a\u00e9reos turcos alrededor del mismo.<\/p>\n<p>La misma milicia liber\u00f3 a las mujeres del Daesh que estaba en el campamento.<\/p>\n<p>Mientras tanto, el corresponsal de SANA inform\u00f3 sobre la deserci\u00f3n de 280 integrantes de la milicia QSD en el norte de Hassakeh.<\/p>\n<p>La v\u00edspera, las tropas agresoras ocuparon varias posiciones en el campo norte de la provincia de Hassakeh tras registrarse desmoronamiento en las filas de la milicia separatista QSD.<\/p>\n<p>El ej\u00e9rcito turco comenz\u00f3 el mi\u00e9rcoles \u00faltimo una agresi\u00f3n contra Siria, en la cual emplea la artiller\u00eda y la aviaci\u00f3n lo que caus\u00f3 la ca\u00edda de civiles y provoc\u00f3 da\u00f1os en la infraestructura.<\/p>\n<p style=\"text-align: justify;\"><span style=\"color: #0000ff;\">F. Marouf\/ E. Dubian<\/span><\/p>\n","protected":false},"excerpt":{"rendered":"<p>Hasakeh, SANA La agresi\u00f3n militar del ej\u00e9rcito turco contra el territorio sirio entr\u00f3 hoy en su quinto d\u00eda, causando m\u00e1s v\u00edctimas mortales entre los civiles y destrucci\u00f3n en las zonas residenciales y la infraestructura. &#8220;La fuerzas agresoras turcas ocuparon el poblado de Suluk en el nordeste de la provincia de Raqa y los poblados de &hellip;<\/p>\n","protected":false},"author":32,"featured_media":116835,"comment_status":"closed","ping_status":"closed","sticky":false,"template":"","format":"standard","meta":{"footnotes":""},"categories":[597,476,583],"tags":[16774],"class_list":["post-116822","post","type-post","status-publish","format-standard","has-post-thumbnail","","category-cinta-de-noticias","category-locales","category-slide","tag-fuerzas-agresoras-turcas-ocupan-poblados-en-el-nordeste-de-siria"],"_links":{"self":[{"href":"https:\/\/archive.sana.sy\/es\/index.php?rest_route=\/wp\/v2\/posts\/116822"}],"collection":[{"href":"https:\/\/archive.sana.sy\/es\/index.php?rest_route=\/wp\/v2\/posts"}],"about":[{"href":"https:\/\/archive.sana.sy\/es\/index.php?rest_route=\/wp\/v2\/types\/post"}],"author":[{"embeddable":true,"href":"https:\/\/archive.sana.sy\/es\/index.php?rest_route=\/wp\/v2\/users\/32"}],"replies":[{"embeddable":true,"href":"https:\/\/archive.sana.sy\/es\/index.php?rest_route=%2Fwp%2Fv2%2Fcomments&post=116822"}],"version-history":[{"count":0,"href":"https:\/\/archive.sana.sy\/es\/index.php?rest_route=\/wp\/v2\/posts\/116822\/revisions"}],"wp:featuredmedia":[{"embeddable":true,"href":"https:\/\/archive.sana.sy\/es\/index.php?rest_route=\/wp\/v2\/media\/116835"}],"wp:attachment":[{"href":"https:\/\/archive.sana.sy\/es\/index.php?rest_route=%2Fwp%2Fv2%2Fmedia&parent=116822"}],"wp:term":[{"taxonomy":"category","embeddable":true,"href":"https:\/\/archive.sana.sy\/es\/index.php?rest_route=%2Fwp%2Fv2%2Fcategories&post=116822"},{"taxonomy":"post_tag","embeddable":true,"href":"https:\/\/archive.sana.sy\/es\/index.php?rest_route=%2Fwp%2Fv2%2Ftags&post=116822"}],"curies":[{"name":"wp","href":"https:\/\/api.w.org\/{rel}","templated":true}]}}