{"id":116838,"date":"2019-10-13T19:22:12","date_gmt":"2019-10-13T16:22:12","guid":{"rendered":"https:\/\/sana.sy\/es\/?p=116838"},"modified":"2023-01-09T14:08:41","modified_gmt":"2023-01-09T12:08:41","slug":"protestan-en-hassakeh-y-qamishli-contra-la-agresion-turca-al-territorio-sirio","status":"publish","type":"post","link":"https:\/\/archive.sana.sy\/es\/?p=116838","title":{"rendered":"Protestas en Hassakeh y Qamishli contra la agresi\u00f3n turca al territorio sirio"},"content":{"rendered":"<p style=\"text-align: justify\"><span style=\"color: #800000\">Hassakeh, SANA<\/span><\/p>\n<p style=\"text-align: justify\">Las ciudades de Hassakeh y Qamishli en el nordeste de Siria fueron escenarios de masivas protestas contra las agresiones turcas al territorio sirio.<\/p>\n<p style=\"text-align: justify\">Los manifestantes protestaron tambi\u00e9n contra la presencia ilegal de EE.UU en Siria y exigieron su salida inmediata.<\/p>\n<p style=\"text-align: justify\">En la v\u00edspera, los pobladores de varias localidades del campo norte de la provincia oriental siria de Deir Ezzor protagonizaron una manifestaci\u00f3n en la que condenaron la agresi\u00f3n turca ratificaron su apego a la unidad y soberan\u00eda del territorio sirio.<\/p>\n<p style=\"text-align: justify\">El r\u00e9gimen turco lleva a cabo una agresi\u00f3n militar contra las localidades del nordeste de Siria, la cual cobr\u00f3 la vida de decenas de civiles y provoc\u00f3 da\u00f1os materiales en la infraestructura de servicios.<\/p>\n<p><img loading=\"lazy\" decoding=\"async\" class=\"wp-image-116829 aligncenter\" src=\"https:\/\/sana.sy\/es\/wp-content\/uploads\/2019\/10\/333-2-300x168.jpg\" alt=\"\" width=\"648\" height=\"363\" srcset=\"https:\/\/archive.sana.sy\/es\/wp-content\/uploads\/2019\/10\/333-2-300x168.jpg 300w, https:\/\/archive.sana.sy\/es\/wp-content\/uploads\/2019\/10\/333-2-150x84.jpg 150w, https:\/\/archive.sana.sy\/es\/wp-content\/uploads\/2019\/10\/333-2.jpg 660w\" sizes=\"(max-width: 648px) 100vw, 648px\" \/><\/p>\n<p><img loading=\"lazy\" decoding=\"async\" class=\"wp-image-116828 aligncenter\" src=\"https:\/\/sana.sy\/es\/wp-content\/uploads\/2019\/10\/222-300x168.jpg\" alt=\"\" width=\"652\" height=\"365\" srcset=\"https:\/\/archive.sana.sy\/es\/wp-content\/uploads\/2019\/10\/222-300x168.jpg 300w, https:\/\/archive.sana.sy\/es\/wp-content\/uploads\/2019\/10\/222-150x84.jpg 150w, https:\/\/archive.sana.sy\/es\/wp-content\/uploads\/2019\/10\/222.jpg 660w\" sizes=\"(max-width: 652px) 100vw, 652px\" \/><\/p>\n<p><img loading=\"lazy\" decoding=\"async\" class=\"wp-image-116827 aligncenter\" src=\"https:\/\/sana.sy\/es\/wp-content\/uploads\/2019\/10\/11-71-300x168.jpg\" alt=\"\" width=\"661\" height=\"370\" srcset=\"https:\/\/archive.sana.sy\/es\/wp-content\/uploads\/2019\/10\/11-71-300x168.jpg 300w, https:\/\/archive.sana.sy\/es\/wp-content\/uploads\/2019\/10\/11-71-150x84.jpg 150w, https:\/\/archive.sana.sy\/es\/wp-content\/uploads\/2019\/10\/11-71.jpg 660w\" sizes=\"(max-width: 661px) 100vw, 661px\" \/><\/p>\n<p style=\"text-align: justify\"><span style=\"color: #0000ff\">F. M\/E.D<\/span><\/p>\n","protected":false},"excerpt":{"rendered":"<p>Hassakeh, SANA Las ciudades de Hassakeh y Qamishli en el nordeste de Siria fueron escenarios de masivas protestas contra las agresiones turcas al territorio sirio. Los manifestantes protestaron tambi\u00e9n contra la presencia ilegal de EE.UU en Siria y exigieron su salida inmediata. En la v\u00edspera, los pobladores de varias localidades del campo norte de la &hellip;<\/p>\n","protected":false},"author":32,"featured_media":116830,"comment_status":"closed","ping_status":"closed","sticky":false,"template":"","format":"standard","meta":{"footnotes":""},"categories":[597,476,583],"tags":[16773],"class_list":["post-116838","post","type-post","status-publish","format-standard","has-post-thumbnail","","category-cinta-de-noticias","category-locales","category-slide","tag-protestan-en-hassakeh-y-qamishli-contra-la-agresion-turca-al-territorio-sirio"],"_links":{"self":[{"href":"https:\/\/archive.sana.sy\/es\/index.php?rest_route=\/wp\/v2\/posts\/116838"}],"collection":[{"href":"https:\/\/archive.sana.sy\/es\/index.php?rest_route=\/wp\/v2\/posts"}],"about":[{"href":"https:\/\/archive.sana.sy\/es\/index.php?rest_route=\/wp\/v2\/types\/post"}],"author":[{"embeddable":true,"href":"https:\/\/archive.sana.sy\/es\/index.php?rest_route=\/wp\/v2\/users\/32"}],"replies":[{"embeddable":true,"href":"https:\/\/archive.sana.sy\/es\/index.php?rest_route=%2Fwp%2Fv2%2Fcomments&post=116838"}],"version-history":[{"count":0,"href":"https:\/\/archive.sana.sy\/es\/index.php?rest_route=\/wp\/v2\/posts\/116838\/revisions"}],"wp:featuredmedia":[{"embeddable":true,"href":"https:\/\/archive.sana.sy\/es\/index.php?rest_route=\/wp\/v2\/media\/116830"}],"wp:attachment":[{"href":"https:\/\/archive.sana.sy\/es\/index.php?rest_route=%2Fwp%2Fv2%2Fmedia&parent=116838"}],"wp:term":[{"taxonomy":"category","embeddable":true,"href":"https:\/\/archive.sana.sy\/es\/index.php?rest_route=%2Fwp%2Fv2%2Fcategories&post=116838"},{"taxonomy":"post_tag","embeddable":true,"href":"https:\/\/archive.sana.sy\/es\/index.php?rest_route=%2Fwp%2Fv2%2Ftags&post=116838"}],"curies":[{"name":"wp","href":"https:\/\/api.w.org\/{rel}","templated":true}]}}