{"id":116856,"date":"2019-10-13T15:38:12","date_gmt":"2019-10-13T12:38:12","guid":{"rendered":"https:\/\/sana.sy\/es\/?p=116856"},"modified":"2019-10-13T15:42:14","modified_gmt":"2019-10-13T12:42:14","slug":"amplia-condena-arabe-e-internacional-a-la-agresion-turca-contra-el-territorio-sirio","status":"publish","type":"post","link":"https:\/\/archive.sana.sy\/es\/?p=116856","title":{"rendered":"Amplia condena \u00e1rabe e internacional a la agresi\u00f3n turca contra el territorio sirio"},"content":{"rendered":"<p style=\"text-align: justify;\"><span style=\"color: #800000;\">Capitales, SANA<\/span><\/p>\n<p style=\"text-align: justify;\">Continuaron las condenas internacionales y \u00e1rabes a la agresi\u00f3n del r\u00e9gimen turco contra Siria.<\/p>\n<p style=\"text-align: justify;\"><strong><span style=\"color: #0000ff;\">Espa\u00f1a rechaza agresi\u00f3n turca contra Siria<\/span><\/strong><\/p>\n<p style=\"text-align: justify;\">La ministra espa\u00f1ola de Defensa en funciones, Margarita Robles, dijo que su pa\u00eds rechaza la agresi\u00f3n del r\u00e9gimen turco contra el territorio sirio.<\/p>\n<p style=\"text-align: justify;\">En declaraciones divulgadas por la televisi\u00f3n espa\u00f1ola TVE, Robles advirti\u00f3 de las consecuencias de la escalada militar del r\u00e9gimen turco en la regi\u00f3n y se\u00f1al\u00f3 que la intenci\u00f3n de su pa\u00eds es mantener la paz y la estabilidad.<\/p>\n<p style=\"text-align: justify;\"><strong><span style=\"color: #0000ff;\">Denuncian en Turqu\u00eda complicidad de Trump con Erdogan en la agresi\u00f3n contra Siria<\/span><\/strong><\/p>\n<p style=\"text-align: justify;\">El ex viceprimer ministro turco Abdul Latif Shinar, conden\u00f3 la agresi\u00f3n y la complicidad del presidente estadounidense Donald Trump con el gobierno turco contra Siria.<\/p>\n<p style=\"text-align: justify;\">Expres\u00f3 su preocupaci\u00f3n por las consecuencias de las pol\u00edticas del presidente turco, Recep Tayyip Erdogan, sobre Turqu\u00eda y las concesiones que har\u00e1 a la administraci\u00f3n estadounidense a cambio de los acuerdos que hace con esta administraci\u00f3n.<\/p>\n<p style=\"text-align: justify;\"><strong><span style=\"color: #0000ff;\">Teher\u00e1n reitera rechazo al ataque turco contra Siria<\/span><\/strong><\/p>\n<p style=\"text-align: justify;\">A su vez, el asistente de asuntos internacionales de la organizaci\u00f3n iran\u00ed de derechos humanos, Saman Niyazi, advirti\u00f3 sobre las desastrosas consecuencias de la agresi\u00f3n turca ya que provocar\u00eda el desplazamiento y el asesinato de ni\u00f1os y mujeres.<\/p>\n<p style=\"text-align: justify;\">Enfatiz\u00f3 que esta agresi\u00f3n viola todos los principios y leyes humanitarios e isl\u00e1micos.<\/p>\n<p style=\"text-align: justify;\"><span style=\"color: #0000ff;\"><strong>ED\/ FM<\/strong><\/span><\/p>\n","protected":false},"excerpt":{"rendered":"<p>Capitales, SANA Continuaron las condenas internacionales y \u00e1rabes a la agresi\u00f3n del r\u00e9gimen turco contra Siria. Espa\u00f1a rechaza agresi\u00f3n turca contra Siria La ministra espa\u00f1ola de Defensa en funciones, Margarita Robles, dijo que su pa\u00eds rechaza la agresi\u00f3n del r\u00e9gimen turco contra el territorio sirio. En declaraciones divulgadas por la televisi\u00f3n espa\u00f1ola TVE, Robles advirti\u00f3 &hellip;<\/p>\n","protected":false},"author":34,"featured_media":116857,"comment_status":"closed","ping_status":"closed","sticky":false,"template":"","format":"standard","meta":{"footnotes":""},"categories":[597,456,7541],"tags":[16776],"class_list":["post-116856","post","type-post","status-publish","format-standard","has-post-thumbnail","","category-cinta-de-noticias","category-arabe-internacional-politica","category-ultimas-noticias","tag-amplia-condena-arabe-e-internacional-a-la-agresion-turca-contra-el-territorio-sirio"],"_links":{"self":[{"href":"https:\/\/archive.sana.sy\/es\/index.php?rest_route=\/wp\/v2\/posts\/116856"}],"collection":[{"href":"https:\/\/archive.sana.sy\/es\/index.php?rest_route=\/wp\/v2\/posts"}],"about":[{"href":"https:\/\/archive.sana.sy\/es\/index.php?rest_route=\/wp\/v2\/types\/post"}],"author":[{"embeddable":true,"href":"https:\/\/archive.sana.sy\/es\/index.php?rest_route=\/wp\/v2\/users\/34"}],"replies":[{"embeddable":true,"href":"https:\/\/archive.sana.sy\/es\/index.php?rest_route=%2Fwp%2Fv2%2Fcomments&post=116856"}],"version-history":[{"count":0,"href":"https:\/\/archive.sana.sy\/es\/index.php?rest_route=\/wp\/v2\/posts\/116856\/revisions"}],"wp:featuredmedia":[{"embeddable":true,"href":"https:\/\/archive.sana.sy\/es\/index.php?rest_route=\/wp\/v2\/media\/116857"}],"wp:attachment":[{"href":"https:\/\/archive.sana.sy\/es\/index.php?rest_route=%2Fwp%2Fv2%2Fmedia&parent=116856"}],"wp:term":[{"taxonomy":"category","embeddable":true,"href":"https:\/\/archive.sana.sy\/es\/index.php?rest_route=%2Fwp%2Fv2%2Fcategories&post=116856"},{"taxonomy":"post_tag","embeddable":true,"href":"https:\/\/archive.sana.sy\/es\/index.php?rest_route=%2Fwp%2Fv2%2Ftags&post=116856"}],"curies":[{"name":"wp","href":"https:\/\/api.w.org\/{rel}","templated":true}]}}