{"id":116871,"date":"2019-10-13T17:19:45","date_gmt":"2019-10-13T14:19:45","guid":{"rendered":"https:\/\/sana.sy\/es\/?p=116871"},"modified":"2019-10-14T12:09:25","modified_gmt":"2019-10-14T09:09:25","slug":"aprueban-medidas-gubernamentales-para-aliviar-el-sufrimiento-de-los-desplazados-por-la-agresion-turca","status":"publish","type":"post","link":"https:\/\/archive.sana.sy\/es\/?p=116871","title":{"rendered":"Aprueban medidas gubernamentales para aliviar el sufrimiento de los desplazados por la agresi\u00f3n turca"},"content":{"rendered":"<p style=\"text-align: justify;\"><span style=\"color: #800000;\">Damasco, SANA<\/span><\/p>\n<p style=\"text-align: justify;\">El Consejo de Ministros debati\u00f3 hoy las consecuencias humanitarias y econ\u00f3micas generadas por la agresi\u00f3n turca contra el territorio sirio, adem\u00e1s de la destrucci\u00f3n sistem\u00e1tica de la infraestructura y el desplazamiento de miles de civiles de sus hogares.<\/p>\n<p style=\"text-align: justify;\">En la sesi\u00f3n semanal del Gabinete, el primer ministro, Imad Khamis, dio instrucciones a todos los ministerios e instituciones para que lleven a cabo esfuerzos extraordinarios destinados a aliviar el sufrimiento de los ciudadanos que tuvieron que desplazarse a consecuencia de la agresi\u00f3n.<\/p>\n<p style=\"text-align: justify;\">En este sentido, los ministros aprobaron incrementar las acciones de socorro, asegurar las necesidades de los civiles y proporcionar todo tipo de asistencia necesaria para aliviar el sufrimiento y contener los desaf\u00edos resultantes de la destrucci\u00f3n de instalaciones e infraestructura.<\/p>\n<p style=\"text-align: justify;\">En un comunicado de prensa, el gobierno sirio reafirm\u00f3 su capacidad de restablecer y gestionar las instituciones estatales para que vuelvan a prestar servicios a diferencia de las milicias separatistas que aprovecharon la guerra para apoderarse de estas instituciones y ponerlas al servicio de sus intereses limitados.<\/p>\n<p style=\"text-align: justify;\"><span style=\"color: #0000ff;\"><strong>FM\/ED<\/strong><\/span><\/p>\n","protected":false},"excerpt":{"rendered":"<p>Damasco, SANA El Consejo de Ministros debati\u00f3 hoy las consecuencias humanitarias y econ\u00f3micas generadas por la agresi\u00f3n turca contra el territorio sirio, adem\u00e1s de la destrucci\u00f3n sistem\u00e1tica de la infraestructura y el desplazamiento de miles de civiles de sus hogares. En la sesi\u00f3n semanal del Gabinete, el primer ministro, Imad Khamis, dio instrucciones a todos &hellip;<\/p>\n","protected":false},"author":34,"featured_media":116872,"comment_status":"closed","ping_status":"closed","sticky":false,"template":"","format":"standard","meta":{"footnotes":""},"categories":[597,16688,476,583,7541],"tags":[16779],"class_list":["post-116871","post","type-post","status-publish","format-standard","has-post-thumbnail","","category-cinta-de-noticias","category-nacionales","category-locales","category-slide","category-ultimas-noticias","tag-aprueban-medidas-gubernamentales-para-aliviar-el-sufrimiento-de-los-desplazados-por-la-agresion-turca"],"_links":{"self":[{"href":"https:\/\/archive.sana.sy\/es\/index.php?rest_route=\/wp\/v2\/posts\/116871"}],"collection":[{"href":"https:\/\/archive.sana.sy\/es\/index.php?rest_route=\/wp\/v2\/posts"}],"about":[{"href":"https:\/\/archive.sana.sy\/es\/index.php?rest_route=\/wp\/v2\/types\/post"}],"author":[{"embeddable":true,"href":"https:\/\/archive.sana.sy\/es\/index.php?rest_route=\/wp\/v2\/users\/34"}],"replies":[{"embeddable":true,"href":"https:\/\/archive.sana.sy\/es\/index.php?rest_route=%2Fwp%2Fv2%2Fcomments&post=116871"}],"version-history":[{"count":0,"href":"https:\/\/archive.sana.sy\/es\/index.php?rest_route=\/wp\/v2\/posts\/116871\/revisions"}],"wp:featuredmedia":[{"embeddable":true,"href":"https:\/\/archive.sana.sy\/es\/index.php?rest_route=\/wp\/v2\/media\/116872"}],"wp:attachment":[{"href":"https:\/\/archive.sana.sy\/es\/index.php?rest_route=%2Fwp%2Fv2%2Fmedia&parent=116871"}],"wp:term":[{"taxonomy":"category","embeddable":true,"href":"https:\/\/archive.sana.sy\/es\/index.php?rest_route=%2Fwp%2Fv2%2Fcategories&post=116871"},{"taxonomy":"post_tag","embeddable":true,"href":"https:\/\/archive.sana.sy\/es\/index.php?rest_route=%2Fwp%2Fv2%2Ftags&post=116871"}],"curies":[{"name":"wp","href":"https:\/\/api.w.org\/{rel}","templated":true}]}}