{"id":116878,"date":"2019-10-13T17:52:14","date_gmt":"2019-10-13T14:52:14","guid":{"rendered":"https:\/\/sana.sy\/es\/?p=116878"},"modified":"2019-10-13T21:49:53","modified_gmt":"2019-10-13T18:49:53","slug":"comienza-campana-nacional-de-vacunacion-contra-la-poliomielitis","status":"publish","type":"post","link":"https:\/\/archive.sana.sy\/es\/?p=116878","title":{"rendered":"Comienza campa\u00f1a nacional de vacunaci\u00f3n contra la poliomielitis"},"content":{"rendered":"<p style=\"text-align: justify\"><span style=\"color: #800000\">Damasco, SANA<\/span><\/p>\n<p style=\"text-align: justify\">El ministerio de Salud lanz\u00f3 hoy la segunda campa\u00f1a nacional de vacunaci\u00f3n contra la poliomielitis.<\/p>\n<p style=\"text-align: justify\">La campa\u00f1a que se extender\u00e1 hasta el pr\u00f3ximo jueves, es la segunda este a\u00f1o y abarca a todas las provincias del pa\u00eds.<\/p>\n<p style=\"text-align: justify\">Unos dos millones 800 mil ni\u00f1os de edades entre uno y cinco a\u00f1os, ser\u00e1n vacunados independientemente de sus vacunas anteriores.<\/p>\n<p style=\"text-align: justify\">Unos nueve mil trabajadores de salud participan en la campa\u00f1a a trav\u00e9s de 967 centros de salud fijos y dos 300 equipos m\u00f3viles que cubren hasta las zonas m\u00e1s apartadas del pa\u00eds.<\/p>\n<p><img loading=\"lazy\" decoding=\"async\" class=\"wp-image-116888 aligncenter\" src=\"https:\/\/sana.sy\/es\/wp-content\/uploads\/2019\/10\/\u062f\u0631\u0639\u0627-2-300x168.jpg\" alt=\"\" width=\"604\" height=\"338\" srcset=\"https:\/\/archive.sana.sy\/es\/wp-content\/uploads\/2019\/10\/\u062f\u0631\u0639\u0627-2-300x168.jpg 300w, https:\/\/archive.sana.sy\/es\/wp-content\/uploads\/2019\/10\/\u062f\u0631\u0639\u0627-2-150x84.jpg 150w, https:\/\/archive.sana.sy\/es\/wp-content\/uploads\/2019\/10\/\u062f\u0631\u0639\u0627-2.jpg 660w\" sizes=\"(max-width: 604px) 100vw, 604px\" \/><\/p>\n<p><img loading=\"lazy\" decoding=\"async\" class=\"wp-image-116880 aligncenter\" src=\"https:\/\/sana.sy\/es\/wp-content\/uploads\/2019\/10\/4-106-300x168.jpg\" alt=\"\" width=\"616\" height=\"344\" srcset=\"https:\/\/archive.sana.sy\/es\/wp-content\/uploads\/2019\/10\/4-106-300x168.jpg 300w, https:\/\/archive.sana.sy\/es\/wp-content\/uploads\/2019\/10\/4-106-150x84.jpg 150w, https:\/\/archive.sana.sy\/es\/wp-content\/uploads\/2019\/10\/4-106.jpg 660w\" sizes=\"(max-width: 616px) 100vw, 616px\" \/><\/p>\n<p><img loading=\"lazy\" decoding=\"async\" class=\"wp-image-116881 aligncenter\" src=\"https:\/\/sana.sy\/es\/wp-content\/uploads\/2019\/10\/\u0627\u0644\u0642\u0646\u064a\u0637\u0631\u06290-300x168.jpg\" alt=\"\" width=\"626\" height=\"351\" srcset=\"https:\/\/archive.sana.sy\/es\/wp-content\/uploads\/2019\/10\/\u0627\u0644\u0642\u0646\u064a\u0637\u0631\u06290-300x168.jpg 300w, https:\/\/archive.sana.sy\/es\/wp-content\/uploads\/2019\/10\/\u0627\u0644\u0642\u0646\u064a\u0637\u0631\u06290-150x84.jpg 150w, https:\/\/archive.sana.sy\/es\/wp-content\/uploads\/2019\/10\/\u0627\u0644\u0642\u0646\u064a\u0637\u0631\u06290.jpg 660w\" sizes=\"(max-width: 626px) 100vw, 626px\" \/><\/p>\n<p style=\"text-align: justify\"><span style=\"color: #0000ff\"><strong>F.M<\/strong><\/span><\/p>\n","protected":false},"excerpt":{"rendered":"<p>Damasco, SANA El ministerio de Salud lanz\u00f3 hoy la segunda campa\u00f1a nacional de vacunaci\u00f3n contra la poliomielitis. La campa\u00f1a que se extender\u00e1 hasta el pr\u00f3ximo jueves, es la segunda este a\u00f1o y abarca a todas las provincias del pa\u00eds. Unos dos millones 800 mil ni\u00f1os de edades entre uno y cinco a\u00f1os, ser\u00e1n vacunados independientemente &hellip;<\/p>\n","protected":false},"author":34,"featured_media":116883,"comment_status":"closed","ping_status":"closed","sticky":false,"template":"","format":"standard","meta":{"footnotes":""},"categories":[477,597,16688,476,7541],"tags":[],"class_list":["post-116878","post","type-post","status-publish","format-standard","has-post-thumbnail","","category-noticias-edulcorantes","category-cinta-de-noticias","category-nacionales","category-locales","category-ultimas-noticias"],"_links":{"self":[{"href":"https:\/\/archive.sana.sy\/es\/index.php?rest_route=\/wp\/v2\/posts\/116878"}],"collection":[{"href":"https:\/\/archive.sana.sy\/es\/index.php?rest_route=\/wp\/v2\/posts"}],"about":[{"href":"https:\/\/archive.sana.sy\/es\/index.php?rest_route=\/wp\/v2\/types\/post"}],"author":[{"embeddable":true,"href":"https:\/\/archive.sana.sy\/es\/index.php?rest_route=\/wp\/v2\/users\/34"}],"replies":[{"embeddable":true,"href":"https:\/\/archive.sana.sy\/es\/index.php?rest_route=%2Fwp%2Fv2%2Fcomments&post=116878"}],"version-history":[{"count":0,"href":"https:\/\/archive.sana.sy\/es\/index.php?rest_route=\/wp\/v2\/posts\/116878\/revisions"}],"wp:featuredmedia":[{"embeddable":true,"href":"https:\/\/archive.sana.sy\/es\/index.php?rest_route=\/wp\/v2\/media\/116883"}],"wp:attachment":[{"href":"https:\/\/archive.sana.sy\/es\/index.php?rest_route=%2Fwp%2Fv2%2Fmedia&parent=116878"}],"wp:term":[{"taxonomy":"category","embeddable":true,"href":"https:\/\/archive.sana.sy\/es\/index.php?rest_route=%2Fwp%2Fv2%2Fcategories&post=116878"},{"taxonomy":"post_tag","embeddable":true,"href":"https:\/\/archive.sana.sy\/es\/index.php?rest_route=%2Fwp%2Fv2%2Ftags&post=116878"}],"curies":[{"name":"wp","href":"https:\/\/api.w.org\/{rel}","templated":true}]}}