{"id":116926,"date":"2019-10-13T15:10:44","date_gmt":"2019-10-13T12:10:44","guid":{"rendered":"https:\/\/sana.sy\/es\/?p=116926"},"modified":"2019-10-14T12:28:58","modified_gmt":"2019-10-14T09:28:58","slug":"bombardeo-aereo-del-regimen-turco-provoca-nueva-masacre-en-siria","status":"publish","type":"post","link":"https:\/\/archive.sana.sy\/es\/?p=116926","title":{"rendered":"Bombardeo a\u00e9reo del r\u00e9gimen turco provoca nueva masacre en Siria"},"content":{"rendered":"<p><span style=\"color: #800000;\">Hasakeh, SANA<\/span><\/p>\n<p>Aviones de combate del ocupante turco cometieron una nueva masacre al bombardear un convoy de veh\u00edculos que llevaba civiles, en la ciudad de Ras al-Ain, en el campo norte de la provincia de Hasakeh.<\/p>\n<p>Seg\u00fan medios de prensa y activistas locales, decenas de personas perecieron en la incursi\u00f3n, entre ellas periodistas extranjeros y civiles.<\/p>\n<p>Un video grabado del convoy, muestra im\u00e1genes de decenas de muertos y heridos, la mayor\u00eda de los cuales sufrieron quemaduras y mutilaciones.<\/p>\n<p><span style=\"color: #0000ff;\"><strong>Y.K\/F.M<\/strong><\/span><\/p>\n","protected":false},"excerpt":{"rendered":"<p>Hasakeh, SANA Aviones de combate del ocupante turco cometieron una nueva masacre al bombardear un convoy de veh\u00edculos que llevaba civiles, en la ciudad de Ras al-Ain, en el campo norte de la provincia de Hasakeh. Seg\u00fan medios de prensa y activistas locales, decenas de personas perecieron en la incursi\u00f3n, entre ellas periodistas extranjeros y &hellip;<\/p>\n","protected":false},"author":34,"featured_media":116927,"comment_status":"closed","ping_status":"closed","sticky":false,"template":"","format":"standard","meta":{"footnotes":""},"categories":[597,573,7541],"tags":[16782],"class_list":["post-116926","post","type-post","status-publish","format-standard","has-post-thumbnail","","category-cinta-de-noticias","category-la-realidad-de-los-acontecimientos-en-siria","category-ultimas-noticias","tag-bombardeo-aereo-del-regimen-turco-provoca-nueva-masacre-en-siria"],"_links":{"self":[{"href":"https:\/\/archive.sana.sy\/es\/index.php?rest_route=\/wp\/v2\/posts\/116926"}],"collection":[{"href":"https:\/\/archive.sana.sy\/es\/index.php?rest_route=\/wp\/v2\/posts"}],"about":[{"href":"https:\/\/archive.sana.sy\/es\/index.php?rest_route=\/wp\/v2\/types\/post"}],"author":[{"embeddable":true,"href":"https:\/\/archive.sana.sy\/es\/index.php?rest_route=\/wp\/v2\/users\/34"}],"replies":[{"embeddable":true,"href":"https:\/\/archive.sana.sy\/es\/index.php?rest_route=%2Fwp%2Fv2%2Fcomments&post=116926"}],"version-history":[{"count":0,"href":"https:\/\/archive.sana.sy\/es\/index.php?rest_route=\/wp\/v2\/posts\/116926\/revisions"}],"wp:featuredmedia":[{"embeddable":true,"href":"https:\/\/archive.sana.sy\/es\/index.php?rest_route=\/wp\/v2\/media\/116927"}],"wp:attachment":[{"href":"https:\/\/archive.sana.sy\/es\/index.php?rest_route=%2Fwp%2Fv2%2Fmedia&parent=116926"}],"wp:term":[{"taxonomy":"category","embeddable":true,"href":"https:\/\/archive.sana.sy\/es\/index.php?rest_route=%2Fwp%2Fv2%2Fcategories&post=116926"},{"taxonomy":"post_tag","embeddable":true,"href":"https:\/\/archive.sana.sy\/es\/index.php?rest_route=%2Fwp%2Fv2%2Ftags&post=116926"}],"curies":[{"name":"wp","href":"https:\/\/api.w.org\/{rel}","templated":true}]}}