{"id":116934,"date":"2019-10-14T08:42:36","date_gmt":"2019-10-14T05:42:36","guid":{"rendered":"https:\/\/sana.sy\/es\/?p=116934"},"modified":"2019-10-14T12:19:23","modified_gmt":"2019-10-14T09:19:23","slug":"actualidad-de-siria-en-las-ultimas-24-horas-2","status":"publish","type":"post","link":"https:\/\/archive.sana.sy\/es\/?p=116934","title":{"rendered":"Actualidad de Siria en las \u00faltimas 24 horas"},"content":{"rendered":"<p style=\"text-align: justify;\"><span style=\"color: #800000;\"><strong><u>Damasco, SANA<\/u><\/strong><\/span><\/p>\n<p style=\"text-align: justify;\">Les ofrecemos a continuaci\u00f3n un resumen de las noticias nacionales e internacionales relativas a Siria y difundidas por nuestra agencia en las \u00faltimas 24 horas:<\/p>\n<p style=\"text-align: justify;\"><strong><u>Unidades del ej\u00e9rcito sirio se mueven hacia el norte para enfrentar la agresi\u00f3n turca<\/u><\/strong><\/p>\n<p style=\"text-align: justify;\">Unidades del ej\u00e9rcito sirio comenzaron a moverse hacia el norte del pa\u00eds para enfrentar la agresi\u00f3n turca contra el territorio acional.<\/p>\n<p style=\"text-align: justify;\">Los vecinos de la ciudad de Hasakeh celebraron esta noticia y salieron en marchas a las calles de la ciudad como expresi\u00f3n de apoyo y bienvenida a los militares sirios.<\/p>\n<p style=\"text-align: justify;\">Por otro lado, las tribus de Bakara, Sharabeen, Mahasen y Jabour llamaron a los ciudadanos a apegarse al ej\u00e9rcito para enfrentar al agresor turco contra el territorio sirio y reafirmaron que es el garante de la seguridad de la patria.<\/p>\n<p style=\"text-align: justify;\"><strong><u>Fuerzas agresoras turcas ocupan poblados en el nordeste de Siria<\/u><\/strong><\/p>\n<p style=\"text-align: justify;\">La agresi\u00f3n militar del ej\u00e9rcito turco contra el territorio sirio entr\u00f3 hoy en su quinto d\u00eda, causando m\u00e1s v\u00edctimas mortales entre los civiles y destrucci\u00f3n en las zonas residenciales y la infraestructura.<\/p>\n<p style=\"text-align: justify;\">\u201cLa fuerzas agresoras turcas ocuparon el poblado de Suluk en el nordeste de la provincia de Raqa y los poblados de Dwera, Rajaan y Hourubi en el campo norte de Hassakeh\u201d, report\u00f3 el corresponsal de SANA.<\/p>\n<p style=\"text-align: justify;\">Asimismo, grupos del ocupante turco y sus mercenarios llegaron al tramo de la carretera internacional entre las localidades de Tel Tamer y Ain Issa.<\/p>\n<p style=\"text-align: justify;\">Por otro lado, la milicia separatista QSD evacu\u00f3 el campamento de Ain Issa en el campo norte de Raqqa, el cual acog\u00eda a 10 mil desplazados, despu\u00e9s de ataques a\u00e9reos turcos alrededor del mismo.<\/p>\n<p style=\"text-align: justify;\">La misma milicia liber\u00f3 a las mujeres del Daesh que estaba en el campamento.<\/p>\n<p style=\"text-align: justify;\">Mientras tanto, el corresponsal de SANA inform\u00f3 sobre la deserci\u00f3n de 280 integrantes de la milicia QSD en el norte de Hassakeh.<\/p>\n<p style=\"text-align: justify;\"><strong><u>Bombardeo a\u00e9reo del r\u00e9gimen turco provoca nueva masacre en Siria<\/u><\/strong><\/p>\n<p style=\"text-align: justify;\">Aviones de combate del ocupante turco cometieron una nueva masacre al bombardear un convoy de veh\u00edculos que llevaba civiles, en la ciudad de Ras al-Ain, en el campo norte de la provincia de Hasakeh.<\/p>\n<p style=\"text-align: justify;\">Seg\u00fan medios de prensa y activistas locales, decenas de personas perecieron en la incursi\u00f3n, entre ellas periodistas extranjeros y civiles.<\/p>\n<p style=\"text-align: justify;\">Un video grabado del convoy, muestra im\u00e1genes de decenas de muertos y heridos, la mayor\u00eda de los cuales sufrieron quemaduras y mutilaciones.<\/p>\n<p style=\"text-align: justify;\"><strong><u>Protestan en Hassakeh y Qamishli contra la agresi\u00f3n turca al territorio sirio<\/u><\/strong><\/p>\n<p style=\"text-align: justify;\">Las ciudades de Hassakeh y Qamishli en el nordeste de Siria fueron escenarios de masivas protestas contra las agresiones turcas al territorio sirio.<\/p>\n<p style=\"text-align: justify;\">Los manifestantes protestaron tambi\u00e9n contra la presencia ilegal de EE.UU en Siria y exigieron su salida inmediata.<\/p>\n<p style=\"text-align: justify;\">En la v\u00edspera, los pobladores de varias localidades del campo norte de la provincia oriental siria de Deir Ezzor protagonizaron una manifestaci\u00f3n en la que condenaron la agresi\u00f3n turca ratificaron su apego a la unidad y soberan\u00eda del territorio sirio.<\/p>\n<p style=\"text-align: justify;\">El r\u00e9gimen turco lleva a cabo una agresi\u00f3n militar contra las localidades del nordeste de Siria, la cual cobr\u00f3 la vida de decenas de civiles y provoc\u00f3 da\u00f1os materiales en la infraestructura de servicios.<\/p>\n<p style=\"text-align: justify;\"><strong><u>Tribus sirias llaman a sus j\u00f3venes a abandonar las filas de la milicia separatista QSD<\/u><\/strong><\/p>\n<p style=\"text-align: justify;\">Las tribus y clanes en Siria condenaron la invasi\u00f3n y ocupaci\u00f3n de Turqu\u00eda al territorio sirio, y llamaron a sus j\u00f3venes a retirarse de las filas de la milicia separatista QSD y unirse a las filas del ej\u00e9rcito \u00e1rabe sirio por ser el \u00fanico garante y capaz de proteger las fronteras sirias y enfrentar cualquier agresi\u00f3n externa.<\/p>\n<p style=\"text-align: justify;\">\u201cRechazamos y condenamos la invasi\u00f3n y ocupaci\u00f3n del r\u00e9gimen de Erdogan del territorio sirio que caus\u00f3 la destrucci\u00f3n de ciudades y el asesinato de civiles, incluidos ni\u00f1os y ancianos&#8221;, afirmaron las tribus en una declaraci\u00f3n emitida hoy.<\/p>\n<p style=\"text-align: justify;\">Denunciaron que la invasi\u00f3n turca fue coordinada y bendecida por Estados Unidos, que describieron como el socio de Erdogan con el terrorismo en Siria, y cuyo prop\u00f3sito es consagrar la presencia estadounidense y turca como fuerzas de ocupaci\u00f3n en el territorio sirio.<\/p>\n<p style=\"text-align: justify;\">Las tribus en su declaraci\u00f3n llamaron a sus j\u00f3venes a retirarse de las filas de la milicia separatista QSD y unirse a las filas del ej\u00e9rcito sirio por ser el \u00fanico garante capaz de proteger la frontera siria y enfrentar cualquier agresi\u00f3n externa.<\/p>\n<p style=\"text-align: justify;\"><strong><u>Aprueban medidas gubernamentales para aliviar el sufrimiento de los desplazados por la agresi\u00f3n turca<\/u><\/strong><\/p>\n<p style=\"text-align: justify;\">El Consejo de Ministros debati\u00f3 hoy las consecuencias humanitarias y econ\u00f3micas generadas por la agresi\u00f3n turca contra el territorio sirio, adem\u00e1s de la destrucci\u00f3n sistem\u00e1tica de la infraestructura y el desplazamiento de miles de civiles de sus hogares.<\/p>\n<p style=\"text-align: justify;\">En la sesi\u00f3n semanal del Gabinete, el primer ministro, Imad Khamis, dio instrucciones a todos los ministerios e instituciones para que lleven a cabo esfuerzos extraordinarios destinados a aliviar el sufrimiento de los ciudadanos que tuvieron que desplazarse a consecuencia de la agresi\u00f3n.<\/p>\n<p style=\"text-align: justify;\">En este sentido, los ministros aprobaron incrementar las acciones de socorro, asegurar las necesidades de los civiles y proporcionar todo tipo de asistencia necesaria para aliviar el sufrimiento y contener los desaf\u00edos resultantes de la destrucci\u00f3n de instalaciones e infraestructura.<\/p>\n<p style=\"text-align: justify;\">En un comunicado de prensa, el gobierno sirio reafirm\u00f3 su capacidad de restablecer y gestionar las instituciones estatales para que vuelvan a prestar servicios a diferencia de las milicias separatistas que aprovecharon la guerra para apoderarse de estas instituciones y ponerlas al servicio de sus intereses limitados.<\/p>\n<p style=\"text-align: justify;\"><strong><u>Amplia condena \u00e1rabe e internacional a la agresi\u00f3n turca contra el territorio sirio<\/u><\/strong><\/p>\n<p style=\"text-align: justify;\">Continuaron las condenas internacionales y \u00e1rabes a la agresi\u00f3n del r\u00e9gimen turco contra Siria.<\/p>\n<p style=\"text-align: justify;\"><strong>Espa\u00f1a rechaza agresi\u00f3n turca contra Siria<\/strong><\/p>\n<p style=\"text-align: justify;\">La ministra espa\u00f1ola de Defensa en funciones, Margarita Robles, dijo que su pa\u00eds rechaza la agresi\u00f3n del r\u00e9gimen turco contra el territorio sirio.<\/p>\n<p style=\"text-align: justify;\">En declaraciones divulgadas por la televisi\u00f3n espa\u00f1ola TVE, Robles advirti\u00f3 de las consecuencias de la escalada militar del r\u00e9gimen turco en la regi\u00f3n y se\u00f1al\u00f3 que la intenci\u00f3n de su pa\u00eds es mantener la paz y la estabilidad.<\/p>\n<p style=\"text-align: justify;\"><strong>Denuncian en Turqu\u00eda complicidad de Trump con Erdogan en la agresi\u00f3n contra Siria<\/strong><\/p>\n<p style=\"text-align: justify;\">El ex viceprimer ministro turco Abdul Latif Shinar, conden\u00f3 la agresi\u00f3n y la complicidad del presidente estadounidense Donald Trump con el gobierno turco contra Siria.<\/p>\n<p style=\"text-align: justify;\">Expres\u00f3 su preocupaci\u00f3n por las consecuencias de las pol\u00edticas del presidente turco, Recep Tayyip Erdogan, sobre Turqu\u00eda y las concesiones que har\u00e1 a la administraci\u00f3n estadounidense a cambio de los acuerdos que hace con esta administraci\u00f3n.<\/p>\n<p style=\"text-align: justify;\"><strong>Teher\u00e1n reitera rechazo al ataque turco contra Siria\u00a0\u00a0 <\/strong><\/p>\n<p style=\"text-align: justify;\">A su vez, el asistente de asuntos internacionales de la organizaci\u00f3n iran\u00ed de derechos humanos, Saman Niyazi, advirti\u00f3 sobre las desastrosas consecuencias de la agresi\u00f3n turca ya que provocar\u00eda el desplazamiento y el asesinato de ni\u00f1os y mujeres.<\/p>\n<p style=\"text-align: justify;\">Enfatiz\u00f3 que esta agresi\u00f3n viola todos los principios y leyes humanitarios e isl\u00e1micos.<\/p>\n<p style=\"text-align: justify;\"><strong><u>Manifestaciones en Washington y varias capitales europeas contra la agresi\u00f3n turca al territorio sirio<\/u><\/strong><\/p>\n<p style=\"text-align: justify;\">Miles de personas se manifestaron en Washington, y en varias capitales y ciudades europeas, para denunciar la agresi\u00f3n del r\u00e9gimen turco contra el territorio sirio.<\/p>\n<p style=\"text-align: justify;\">Seg\u00fan la agencia Reuters, decenas de personas se concentraron frente a la Casa Blanca y corearon consignas denunciando la complicidad estadounidense con el agresor turco.<\/p>\n<p style=\"text-align: justify;\">Exigieron al r\u00e9gimen de Recep Tayyip Erdogan que ponga fin de inmediato a su agresi\u00f3n contra el noreste de Siria.<\/p>\n<p style=\"text-align: justify;\">En Francia, m\u00e1s de 20 mil personas, incluidos pol\u00edticos franceses, se manifestaron en varias ciudades para condenar la agresi\u00f3n turca.<\/p>\n<p style=\"text-align: justify;\">Asimismo, m\u00e1s de cuatro mil se reunieron en la Plaza de la Rep\u00fablica en la capital francesa, Par\u00eds, y luego se dirigieron a la Place de Chatelier en el centro de la ciudad.<\/p>\n<p style=\"text-align: justify;\">Los manifestantes izaron pancartas que llaman \u201casesino\u201d al presidente estadounidense Donald Trump y calificaron al presidente turco Recep Tayyip Erdogan como el \u201cverdadero l\u00edder de Daesh\u201d.<\/p>\n<p style=\"text-align: justify;\">Denunciaron el silencio europeo ante esta agresi\u00f3n y exigieron sanciones contra el r\u00e9gimen turco.<\/p>\n<p style=\"text-align: justify;\">En Marsella, en el sureste de Francia, unos seis mil manifestantes llamaron a los pa\u00edses europeos a rechazar la agresi\u00f3n y trabajar para detenerla, mientras cerca de mil protestaron en Estrasburgo y describieron a Erdogan como \u201cel asesino\u201d.<\/p>\n<p style=\"text-align: justify;\">En el mismo contexto, miles de personas organizaron manifestaciones en varias ciudades europeas como Nicosia, Atenas, Varsovia, Bruselas, La Haya, Budapest y Viena, mientras miles participaron en manifestaciones celebradas en diferentes ciudades alemanas para condenar la agresi\u00f3n turca.<\/p>\n<p style=\"text-align: justify;\"><strong><u>Comienza campa\u00f1a nacional de vacunaci\u00f3n contra la poliomielitis<\/u><\/strong><\/p>\n<p style=\"text-align: justify;\">El ministerio de Salud lanz\u00f3 hoy la segunda campa\u00f1a nacional de vacunaci\u00f3n contra la poliomielitis.<\/p>\n<p style=\"text-align: justify;\">La campa\u00f1a que se extender\u00e1 hasta el pr\u00f3ximo jueves, es la segunda este a\u00f1o y abarca a todas las provincias del pa\u00eds.<\/p>\n<p style=\"text-align: justify;\">Unos dos millones 800 mil ni\u00f1os de edades entre uno y cinco a\u00f1os, ser\u00e1n vacunados independientemente de sus vacunas anteriores.<\/p>\n<p style=\"text-align: justify;\">Unos nueve mil trabajadores de salud participan en la campa\u00f1a a trav\u00e9s de 967 centros de salud fijos y dos 300 equipos m\u00f3viles que cubren hasta las zonas m\u00e1s apartadas del pa\u00eds.<\/p>\n<p style=\"text-align: justify;\"><strong><u>Siria y Serbia por afianzar sus relaciones parlamentarias<\/u><\/strong><\/p>\n<p style=\"text-align: justify;\">El vicepresidente de la Asamblea del Pueblo (Parlamento), Najdat Anzor, examin\u00f3 con la Presidenta de la Asamblea Nacional de la Rep\u00fablica de Serbia, Maya Zhukovich, las maneras de fortalecer y desarrollar las relaciones parlamentarias entre los dos pa\u00edses.<\/p>\n<p style=\"text-align: justify;\">La reuni\u00f3n se produce en el marco de una visita de una delegaci\u00f3n del parlamento sirio a Belgrado para participar en las reuniones de la 141 Asamblea de la Uni\u00f3n Interparlamentaria.<\/p>\n<p style=\"text-align: justify;\">Zhukovich ratific\u00f3 la posici\u00f3n de Serbia de condenar el terrorismo contra Siria y los intentos de afectar su unidad e integridad territorial.<\/p>\n<p style=\"text-align: justify;\">\u201cRechazamos el doble rasero practicado por algunos pa\u00edses respecto a la situaci\u00f3n en Siria para lograr sus objetivos y ambiciones en la regi\u00f3n\u201d, agreg\u00f3.<\/p>\n<p style=\"text-align: justify;\">A su vez, Anzor, declar\u00f3 que el pueblo sirio contin\u00faa su guerra contra el terrorismo y logra victorias, y se mantiene firme ante cualquier injerencia extranjera fuera del marco del Estado sirio.<\/p>\n<p style=\"text-align: justify;\">Resalt\u00f3 la importancia de las relaciones parlamentarias entre los dos pa\u00edses por expresar la voluntad de sus pueblos en el desarrollo de las relaciones.<\/p>\n<p style=\"text-align: justify;\"><span style=\"color: #0000ff;\">F.Marouf<\/span><\/p>\n","protected":false},"excerpt":{"rendered":"<p>Damasco, SANA Les ofrecemos a continuaci\u00f3n un resumen de las noticias nacionales e internacionales relativas a Siria y difundidas por nuestra agencia en las \u00faltimas 24 horas: Unidades del ej\u00e9rcito sirio se mueven hacia el norte para enfrentar la agresi\u00f3n turca Unidades del ej\u00e9rcito sirio comenzaron a moverse hacia el norte del pa\u00eds para enfrentar &hellip;<\/p>\n","protected":false},"author":32,"featured_media":115754,"comment_status":"closed","ping_status":"closed","sticky":false,"template":"","format":"standard","meta":{"footnotes":""},"categories":[1],"tags":[],"class_list":["post-116934","post","type-post","status-publish","format-standard","has-post-thumbnail","","category-news-not-sorted"],"_links":{"self":[{"href":"https:\/\/archive.sana.sy\/es\/index.php?rest_route=\/wp\/v2\/posts\/116934"}],"collection":[{"href":"https:\/\/archive.sana.sy\/es\/index.php?rest_route=\/wp\/v2\/posts"}],"about":[{"href":"https:\/\/archive.sana.sy\/es\/index.php?rest_route=\/wp\/v2\/types\/post"}],"author":[{"embeddable":true,"href":"https:\/\/archive.sana.sy\/es\/index.php?rest_route=\/wp\/v2\/users\/32"}],"replies":[{"embeddable":true,"href":"https:\/\/archive.sana.sy\/es\/index.php?rest_route=%2Fwp%2Fv2%2Fcomments&post=116934"}],"version-history":[{"count":0,"href":"https:\/\/archive.sana.sy\/es\/index.php?rest_route=\/wp\/v2\/posts\/116934\/revisions"}],"wp:featuredmedia":[{"embeddable":true,"href":"https:\/\/archive.sana.sy\/es\/index.php?rest_route=\/wp\/v2\/media\/115754"}],"wp:attachment":[{"href":"https:\/\/archive.sana.sy\/es\/index.php?rest_route=%2Fwp%2Fv2%2Fmedia&parent=116934"}],"wp:term":[{"taxonomy":"category","embeddable":true,"href":"https:\/\/archive.sana.sy\/es\/index.php?rest_route=%2Fwp%2Fv2%2Fcategories&post=116934"},{"taxonomy":"post_tag","embeddable":true,"href":"https:\/\/archive.sana.sy\/es\/index.php?rest_route=%2Fwp%2Fv2%2Ftags&post=116934"}],"curies":[{"name":"wp","href":"https:\/\/api.w.org\/{rel}","templated":true}]}}