{"id":117210,"date":"2019-10-16T16:00:28","date_gmt":"2019-10-16T13:00:28","guid":{"rendered":"https:\/\/sana.sy\/es\/?p=117210"},"modified":"2019-10-16T18:39:05","modified_gmt":"2019-10-16T15:39:05","slug":"siria-denuncia-agresion-de-turquia-ante-la-union-interparlamentaria","status":"publish","type":"post","link":"https:\/\/archive.sana.sy\/es\/?p=117210","title":{"rendered":"Siria\u00a0denuncia agresi\u00f3n de Turqu\u00eda ante la Uni\u00f3n Interparlamentaria"},"content":{"rendered":"<p style=\"text-align: justify\"><span lang=\"EN-US\" style=\"color: #800000\">Belgrado, SANA<\/span><\/p>\n<p style=\"text-align: justify\"><span lang=\"EN-US\">El vicepresidente de la Asamblea del Pueblo, Najda Anzour, dijo que el mundo se encuentra hoy en d\u00eda ante una encrucijada peligrosa como resultado de las reiteradas violaciones a las normas y principios b\u00e1sicos del derecho internacional, en particular al principio del respeto a la soberan\u00eda nacional, lo cual provoc\u00f3 crisis muy dif\u00edciles de superar.<\/span><\/p>\n<p style=\"text-align: justify\"><span lang=\"EN-US\">en su intervenci\u00f3n ante los participantes en la 141 sesi\u00f3n de la Uni\u00f3n Interparlamentaria que se celebra en Serbia, Anzur enfatiz\u00f3 que lo que est\u00e1 sucediendo en Siria constituye el modelo m\u00e1s peligroso de la violaci\u00f3n de todas las normas y leyes internacionales.<\/span><\/p>\n<p style=\"text-align: justify\"><span lang=\"EN-US\">&#8220;Un ejemplo de estas violaciones es la agresi\u00f3n turca. Pues, este pa\u00eds constituy\u00f3 durante los a\u00f1os de la guerra un corredor para todos los terroristas que se dirigieron en Siria&#8221;, explic\u00f3.<\/span><\/p>\n<p style=\"text-align: justify\"><span lang=\"EN-US\">Anzur, quien encabeza la delegaci\u00f3n parlamentaria siria en Serbia, enfatiz\u00f3 la necesidad de que los parlamentarios representen las aspiraciones y sue\u00f1os de los pueblos de sus pa\u00edses y no sean prisioneros de los poderes financieros y pol\u00edticos dominantes.<\/span><\/p>\n<p style=\"text-align: justify\"><span lang=\"EN-US\">Siria participa en las reuniones de la Asamblea General de la Uni\u00f3n Interparlamentaria, que comenz\u00f3 el d\u00eda 14 de octubre con la participaci\u00f3n de m\u00e1s de mil 700 parlamentarios de diferentes pa\u00edses del mundo.<\/span><\/p>\n<p style=\"text-align: justify\"><span style=\"color: #0000ff\">F.M\/ E.D<\/span><\/p>\n","protected":false},"excerpt":{"rendered":"<p>Belgrado, SANA El vicepresidente de la Asamblea del Pueblo, Najda Anzour, dijo que el mundo se encuentra hoy en d\u00eda ante una encrucijada peligrosa como resultado de las reiteradas violaciones a las normas y principios b\u00e1sicos del derecho internacional, en particular al principio del respeto a la soberan\u00eda nacional, lo cual provoc\u00f3 crisis muy dif\u00edciles &hellip;<\/p>\n","protected":false},"author":32,"featured_media":117211,"comment_status":"closed","ping_status":"closed","sticky":false,"template":"","format":"standard","meta":{"footnotes":""},"categories":[597,467,7541],"tags":[16808],"class_list":["post-117210","post","type-post","status-publish","format-standard","has-post-thumbnail","","category-cinta-de-noticias","category-siria-y-el-mundo","category-ultimas-noticias","tag-siria-denuncia-agresion-de-turquia-ante-la-union-interparlamentaria"],"_links":{"self":[{"href":"https:\/\/archive.sana.sy\/es\/index.php?rest_route=\/wp\/v2\/posts\/117210"}],"collection":[{"href":"https:\/\/archive.sana.sy\/es\/index.php?rest_route=\/wp\/v2\/posts"}],"about":[{"href":"https:\/\/archive.sana.sy\/es\/index.php?rest_route=\/wp\/v2\/types\/post"}],"author":[{"embeddable":true,"href":"https:\/\/archive.sana.sy\/es\/index.php?rest_route=\/wp\/v2\/users\/32"}],"replies":[{"embeddable":true,"href":"https:\/\/archive.sana.sy\/es\/index.php?rest_route=%2Fwp%2Fv2%2Fcomments&post=117210"}],"version-history":[{"count":0,"href":"https:\/\/archive.sana.sy\/es\/index.php?rest_route=\/wp\/v2\/posts\/117210\/revisions"}],"wp:featuredmedia":[{"embeddable":true,"href":"https:\/\/archive.sana.sy\/es\/index.php?rest_route=\/wp\/v2\/media\/117211"}],"wp:attachment":[{"href":"https:\/\/archive.sana.sy\/es\/index.php?rest_route=%2Fwp%2Fv2%2Fmedia&parent=117210"}],"wp:term":[{"taxonomy":"category","embeddable":true,"href":"https:\/\/archive.sana.sy\/es\/index.php?rest_route=%2Fwp%2Fv2%2Fcategories&post=117210"},{"taxonomy":"post_tag","embeddable":true,"href":"https:\/\/archive.sana.sy\/es\/index.php?rest_route=%2Fwp%2Fv2%2Ftags&post=117210"}],"curies":[{"name":"wp","href":"https:\/\/api.w.org\/{rel}","templated":true}]}}