{"id":117217,"date":"2019-10-16T15:42:03","date_gmt":"2019-10-16T12:42:03","guid":{"rendered":"https:\/\/sana.sy\/es\/?p=117217"},"modified":"2019-10-16T18:35:47","modified_gmt":"2019-10-16T15:35:47","slug":"varios-gobiernos-del-mundo-ratifican-su-condena-a-agresion-turca-contra-siria","status":"publish","type":"post","link":"https:\/\/archive.sana.sy\/es\/?p=117217","title":{"rendered":"Varios gobiernos del mundo ratifican su condena a agresi\u00f3n turca contra Siria"},"content":{"rendered":"<div>\n<p style=\"text-align: justify\"><span lang=\"EN-US\" style=\"color: #800000\">Capitales, SANA<\/span><\/p>\n<p style=\"text-align: justify\"><span lang=\"EN-US\">Gobiernos de varios pa\u00edses del mundo reiteraron hoy su condena a la agresi\u00f3n turca contra Siria.<\/span><\/p>\n<p style=\"text-align: justify\"><span lang=\"EN-US\">En este sentido, Canad\u00e1 conden\u00f3 la ofensiva turca contra el\u00a0\u00a0territorio sirio, y subray\u00f3 que esta acci\u00f3n amenaza la seguridad y la estabilidad en la regi\u00f3n.<\/span><\/p>\n<p style=\"text-align: justify\"><span lang=\"EN-US\">&#8220;La incursi\u00f3n militar de Turqu\u00eda en Siria es una acci\u00f3n unilateral que amenaza con socavar la estabilidad en la regi\u00f3n y exacerba la situaci\u00f3n humanitaria&#8221;, expres\u00f3 el Ministerio de Exteriores canadiense, en un comunicado citado por la Agencia AFP.<\/span><\/p>\n<p style=\"text-align: justify\"><span lang=\"EN-US\">El gobierno canadiense anunci\u00f3 tambi\u00e9n que suspendi\u00f3 la exportaci\u00f3n de nuevos equipos militares al r\u00e9gimen turco, en respuesta a la agresi\u00f3n turca.<\/span><\/p>\n<p style=\"text-align: justify\"><span lang=\"EN-US\">A su vez, el Senado en la Rep\u00fablica Checa conden\u00f3 la agresi\u00f3n turca y pidi\u00f3 al primer ministro Andrei Babich que trabaje a trav\u00e9s de la Uni\u00f3n Europea para aprobar medidas econ\u00f3micas y pol\u00edticas que obliguen al r\u00e9gimen turco a detener esta agresi\u00f3n.<\/span><\/p>\n<p style=\"text-align: justify\"><span lang=\"EN-US\">Por su parte, el vicepresidente del senado, Vojtej Filippe, dijo que no hay duda de que la agresi\u00f3n del r\u00e9gimen turco es una violaci\u00f3n del derecho internacional humanitario y un fracaso total de la OTAN.<\/span><\/p>\n<p style=\"text-align: justify\"><span lang=\"EN-US\">En este mismo marco, el ministro de Cultura checo, Lubom\u00edr Zaor\u00e1lek, se\u00f1al\u00f3 que el r\u00e9gimen turco viol\u00f3 el derecho internacional y el primer art\u00edculo del tratado b\u00e1sico de la OTAN, que dice que los pa\u00edses de la OTAN deben resolver todas sus conflictos\u00a0\u00a0de manera pac\u00edfica.<\/span><\/p>\n<p>Por su parte, el primer ministro de Italia, Giuseppe Conte, afirm\u00f3 que la ofensiva turca contra Siria es capaz de obstaculizar el proceso pol\u00edtico de la crisis en esta naci\u00f3n, reiterando la necesidad de una postura europea unificada en contra de esta agresi\u00f3n.<\/p>\n<p>\u201cLa intervenci\u00f3n militar turca en el norte de Siria amenaza la seguridad y estabilidad de toda la regi\u00f3n y causa m\u00e1s sufrimiento y desplazamiento de civiles\u201d, dijo Conte durante una sesi\u00f3n del Senador italiano.<\/p>\n<p>Asimismo denunci\u00f3 que esta agresi\u00f3n obstaculiza el acceso de la ayuda humanitaria a Siria, destacando la importancia de la decisi\u00f3n tomada por su pa\u00eds de suspender las exportaci\u00f3n de armamento a Turqu\u00eda.<\/p>\n<p>&nbsp;<\/p>\n<p style=\"text-align: justify\"><span style=\"color: #0000ff\">W.S \/ F.M\/ L.A.<\/span><\/p>\n<\/div>\n<div class=\"yj6qo ajU\">\n<div id=\":ng\" class=\"ajR\" style=\"text-align: justify\" role=\"button\" data-tooltip=\"Mostrar contenido reducido\" aria-label=\"Mostrar contenido reducido\"><img decoding=\"async\" class=\"ajT\" src=\"https:\/\/ssl.gstatic.com\/ui\/v1\/icons\/mail\/images\/cleardot.gif\" \/><\/div>\n<\/div>\n","protected":false},"excerpt":{"rendered":"<p>Capitales, SANA Gobiernos de varios pa\u00edses del mundo reiteraron hoy su condena a la agresi\u00f3n turca contra Siria. En este sentido, Canad\u00e1 conden\u00f3 la ofensiva turca contra el\u00a0\u00a0territorio sirio, y subray\u00f3 que esta acci\u00f3n amenaza la seguridad y la estabilidad en la regi\u00f3n. &#8220;La incursi\u00f3n militar de Turqu\u00eda en Siria es una acci\u00f3n unilateral que &hellip;<\/p>\n","protected":false},"author":35,"featured_media":117218,"comment_status":"closed","ping_status":"closed","sticky":false,"template":"","format":"standard","meta":{"footnotes":""},"categories":[597,467,7541],"tags":[],"class_list":["post-117217","post","type-post","status-publish","format-standard","has-post-thumbnail","","category-cinta-de-noticias","category-siria-y-el-mundo","category-ultimas-noticias"],"_links":{"self":[{"href":"https:\/\/archive.sana.sy\/es\/index.php?rest_route=\/wp\/v2\/posts\/117217"}],"collection":[{"href":"https:\/\/archive.sana.sy\/es\/index.php?rest_route=\/wp\/v2\/posts"}],"about":[{"href":"https:\/\/archive.sana.sy\/es\/index.php?rest_route=\/wp\/v2\/types\/post"}],"author":[{"embeddable":true,"href":"https:\/\/archive.sana.sy\/es\/index.php?rest_route=\/wp\/v2\/users\/35"}],"replies":[{"embeddable":true,"href":"https:\/\/archive.sana.sy\/es\/index.php?rest_route=%2Fwp%2Fv2%2Fcomments&post=117217"}],"version-history":[{"count":0,"href":"https:\/\/archive.sana.sy\/es\/index.php?rest_route=\/wp\/v2\/posts\/117217\/revisions"}],"wp:featuredmedia":[{"embeddable":true,"href":"https:\/\/archive.sana.sy\/es\/index.php?rest_route=\/wp\/v2\/media\/117218"}],"wp:attachment":[{"href":"https:\/\/archive.sana.sy\/es\/index.php?rest_route=%2Fwp%2Fv2%2Fmedia&parent=117217"}],"wp:term":[{"taxonomy":"category","embeddable":true,"href":"https:\/\/archive.sana.sy\/es\/index.php?rest_route=%2Fwp%2Fv2%2Fcategories&post=117217"},{"taxonomy":"post_tag","embeddable":true,"href":"https:\/\/archive.sana.sy\/es\/index.php?rest_route=%2Fwp%2Fv2%2Ftags&post=117217"}],"curies":[{"name":"wp","href":"https:\/\/api.w.org\/{rel}","templated":true}]}}