{"id":117221,"date":"2019-10-16T12:05:07","date_gmt":"2019-10-16T09:05:07","guid":{"rendered":"https:\/\/sana.sy\/es\/?p=117221"},"modified":"2019-10-16T12:05:07","modified_gmt":"2019-10-16T09:05:07","slug":"lavrov-hay-que-preservar-la-soberania-e-integridad-territorial-de-siria","status":"publish","type":"post","link":"https:\/\/archive.sana.sy\/es\/?p=117221","title":{"rendered":"Lavrov: hay que preservar la soberan\u00eda e integridad territorial de Siria"},"content":{"rendered":"<p style=\"text-align: justify;\"><span lang=\"EN-US\" style=\"color: #800000;\">Sochi, SANA<\/span><\/p>\n<p style=\"text-align: justify;\"><span lang=\"EN-US\">&#8220;Es necesario preservar la soberan\u00eda e integridad territorial de Siria y continuar los esfuerzos para resolver la crisis en este pa\u00eds, declar\u00f3 hoy el canciller ruso, Sergei Lavrov.<\/span><\/p>\n<p style=\"text-align: justify;\"><span lang=\"EN-US\">En un discurso pronunciado en una\u00a0\u00a0reuni\u00f3n sobre seguridad en Sochi, el canciller ruso destac\u00f3 que &#8220;la lucha contra el terrorismo no debe ser politizada para lograr objetivos especiales y es necesario encontrar mecanismos para combatirlo globalmente&#8221;.<\/span><\/p>\n<p style=\"text-align: justify;\"><span lang=\"EN-US\">Noticia en destarrollo..<\/span><\/p>\n<p style=\"text-align: justify;\"><span style=\"color: #0000ff;\">F.M \/ W.S<\/span><\/p>\n","protected":false},"excerpt":{"rendered":"<p>Sochi, SANA &#8220;Es necesario preservar la soberan\u00eda e integridad territorial de Siria y continuar los esfuerzos para resolver la crisis en este pa\u00eds, declar\u00f3 hoy el canciller ruso, Sergei Lavrov. En un discurso pronunciado en una\u00a0\u00a0reuni\u00f3n sobre seguridad en Sochi, el canciller ruso destac\u00f3 que &#8220;la lucha contra el terrorismo no debe ser politizada para &hellip;<\/p>\n","protected":false},"author":35,"featured_media":117222,"comment_status":"closed","ping_status":"closed","sticky":false,"template":"","format":"standard","meta":{"footnotes":""},"categories":[597,467,7541],"tags":[],"class_list":["post-117221","post","type-post","status-publish","format-standard","has-post-thumbnail","","category-cinta-de-noticias","category-siria-y-el-mundo","category-ultimas-noticias"],"_links":{"self":[{"href":"https:\/\/archive.sana.sy\/es\/index.php?rest_route=\/wp\/v2\/posts\/117221"}],"collection":[{"href":"https:\/\/archive.sana.sy\/es\/index.php?rest_route=\/wp\/v2\/posts"}],"about":[{"href":"https:\/\/archive.sana.sy\/es\/index.php?rest_route=\/wp\/v2\/types\/post"}],"author":[{"embeddable":true,"href":"https:\/\/archive.sana.sy\/es\/index.php?rest_route=\/wp\/v2\/users\/35"}],"replies":[{"embeddable":true,"href":"https:\/\/archive.sana.sy\/es\/index.php?rest_route=%2Fwp%2Fv2%2Fcomments&post=117221"}],"version-history":[{"count":0,"href":"https:\/\/archive.sana.sy\/es\/index.php?rest_route=\/wp\/v2\/posts\/117221\/revisions"}],"wp:featuredmedia":[{"embeddable":true,"href":"https:\/\/archive.sana.sy\/es\/index.php?rest_route=\/wp\/v2\/media\/117222"}],"wp:attachment":[{"href":"https:\/\/archive.sana.sy\/es\/index.php?rest_route=%2Fwp%2Fv2%2Fmedia&parent=117221"}],"wp:term":[{"taxonomy":"category","embeddable":true,"href":"https:\/\/archive.sana.sy\/es\/index.php?rest_route=%2Fwp%2Fv2%2Fcategories&post=117221"},{"taxonomy":"post_tag","embeddable":true,"href":"https:\/\/archive.sana.sy\/es\/index.php?rest_route=%2Fwp%2Fv2%2Ftags&post=117221"}],"curies":[{"name":"wp","href":"https:\/\/api.w.org\/{rel}","templated":true}]}}