{"id":117235,"date":"2019-10-16T13:24:56","date_gmt":"2019-10-16T10:24:56","guid":{"rendered":"https:\/\/sana.sy\/es\/?p=117235"},"modified":"2023-01-09T14:08:41","modified_gmt":"2023-01-09T12:08:41","slug":"deir-ezzor-celebra-victorias-del-ejercito-y-condena-agresion-turca","status":"publish","type":"post","link":"https:\/\/archive.sana.sy\/es\/?p=117235","title":{"rendered":"Deir Ezzor celebra victorias del ej\u00e9rcito y condena agresi\u00f3n turca"},"content":{"rendered":"<p style=\"text-align: justify;\"><span lang=\"ES-TRAD\" style=\"color: #800000;\">Deir Ezzor, SANA<\/span><\/p>\n<p style=\"text-align: justify;\"><span lang=\"ES-TRAD\">Los habitantes de la provincia oriental de Deir Ezzor se dieron cita hoy para celebrar las victorias del ej\u00e9rcito sirio y su entrada en numerosas ciudades y localidades en las provincias de Hasakeh, Raqa y Alepo.<\/span><\/p>\n<p style=\"text-align: justify;\"><span lang=\"ES-TRAD\">Los participantes en la manifestaci\u00f3n que tuvo lugar en la rotonda del aeropuerto, condenaron la agresi\u00f3n del r\u00e9gimen turco contra el territorio sirio.<\/span><\/p>\n<p style=\"text-align: justify;\"><span lang=\"ES-TRAD\">En la v\u00edspera, diferentes localidades de las provincias de Raqa, Alepo y Deir Ezzor fueron escenarios de concentraciones de apoyo al ej\u00e9rcito \u00e1rabe sirio que comenz\u00f3 su despliegue en zonas del norte y este del pa\u00eds.\u00a0\u00a0\u00a0<\/span><\/p>\n<p style=\"text-align: justify;\"><span lang=\"ES-TRAD\">Los participantes en las marchas portaron pancartas que denunciaron la agresi\u00f3n turca y exigieron unidad y apoyo al ej\u00e9rcito en su deber de proteger la regi\u00f3n y repeler a las fuerzas de ocupaci\u00f3n turcas y sus mercenarios.<\/span><\/p>\n<p style=\"text-align: justify;\"><span style=\"color: #0000ff;\">F.M\/ E.D<\/span><\/p>\n<div id='gallery-1' class='gallery galleryid-117235 gallery-columns-1 gallery-size-full'><figure class='gallery-item'>\n\t\t\t<div class='gallery-icon landscape'>\n\t\t\t\t<a href='https:\/\/archive.sana.sy\/es\/wp-content\/uploads\/2019\/10\/444-1.jpg'><img loading=\"lazy\" decoding=\"async\" width=\"660\" height=\"394\" src=\"https:\/\/archive.sana.sy\/es\/wp-content\/uploads\/2019\/10\/444-1.jpg\" class=\"attachment-full size-full\" alt=\"\" srcset=\"https:\/\/archive.sana.sy\/es\/wp-content\/uploads\/2019\/10\/444-1.jpg 660w, https:\/\/archive.sana.sy\/es\/wp-content\/uploads\/2019\/10\/444-1-150x90.jpg 150w, https:\/\/archive.sana.sy\/es\/wp-content\/uploads\/2019\/10\/444-1-300x179.jpg 300w\" sizes=\"(max-width: 660px) 100vw, 660px\" \/><\/a>\n\t\t\t<\/div><\/figure><figure class='gallery-item'>\n\t\t\t<div class='gallery-icon landscape'>\n\t\t\t\t<a href='https:\/\/archive.sana.sy\/es\/wp-content\/uploads\/2019\/10\/2222.jpg'><img loading=\"lazy\" decoding=\"async\" width=\"660\" height=\"377\" src=\"https:\/\/archive.sana.sy\/es\/wp-content\/uploads\/2019\/10\/2222.jpg\" class=\"attachment-full size-full\" alt=\"\" srcset=\"https:\/\/archive.sana.sy\/es\/wp-content\/uploads\/2019\/10\/2222.jpg 660w, https:\/\/archive.sana.sy\/es\/wp-content\/uploads\/2019\/10\/2222-150x86.jpg 150w, https:\/\/archive.sana.sy\/es\/wp-content\/uploads\/2019\/10\/2222-300x171.jpg 300w\" sizes=\"(max-width: 660px) 100vw, 660px\" \/><\/a>\n\t\t\t<\/div><\/figure><figure class='gallery-item'>\n\t\t\t<div class='gallery-icon landscape'>\n\t\t\t\t<a href='https:\/\/archive.sana.sy\/es\/wp-content\/uploads\/2019\/10\/33333-2.jpg'><img loading=\"lazy\" decoding=\"async\" width=\"660\" height=\"370\" src=\"https:\/\/archive.sana.sy\/es\/wp-content\/uploads\/2019\/10\/33333-2.jpg\" class=\"attachment-full size-full\" alt=\"\" srcset=\"https:\/\/archive.sana.sy\/es\/wp-content\/uploads\/2019\/10\/33333-2.jpg 660w, https:\/\/archive.sana.sy\/es\/wp-content\/uploads\/2019\/10\/33333-2-150x84.jpg 150w, https:\/\/archive.sana.sy\/es\/wp-content\/uploads\/2019\/10\/33333-2-300x168.jpg 300w\" sizes=\"(max-width: 660px) 100vw, 660px\" \/><\/a>\n\t\t\t<\/div><\/figure><figure class='gallery-item'>\n\t\t\t<div class='gallery-icon landscape'>\n\t\t\t\t<a href='https:\/\/archive.sana.sy\/es\/wp-content\/uploads\/2019\/10\/55555.jpg'><img loading=\"lazy\" decoding=\"async\" width=\"660\" height=\"370\" src=\"https:\/\/archive.sana.sy\/es\/wp-content\/uploads\/2019\/10\/55555.jpg\" class=\"attachment-full size-full\" alt=\"\" srcset=\"https:\/\/archive.sana.sy\/es\/wp-content\/uploads\/2019\/10\/55555.jpg 660w, https:\/\/archive.sana.sy\/es\/wp-content\/uploads\/2019\/10\/55555-150x84.jpg 150w, https:\/\/archive.sana.sy\/es\/wp-content\/uploads\/2019\/10\/55555-300x168.jpg 300w\" sizes=\"(max-width: 660px) 100vw, 660px\" \/><\/a>\n\t\t\t<\/div><\/figure><figure class='gallery-item'>\n\t\t\t<div class='gallery-icon landscape'>\n\t\t\t\t<a href='https:\/\/archive.sana.sy\/es\/wp-content\/uploads\/2019\/10\/111111111111.jpg'><img loading=\"lazy\" decoding=\"async\" width=\"660\" height=\"377\" src=\"https:\/\/archive.sana.sy\/es\/wp-content\/uploads\/2019\/10\/111111111111.jpg\" class=\"attachment-full size-full\" alt=\"\" srcset=\"https:\/\/archive.sana.sy\/es\/wp-content\/uploads\/2019\/10\/111111111111.jpg 660w, https:\/\/archive.sana.sy\/es\/wp-content\/uploads\/2019\/10\/111111111111-150x86.jpg 150w, https:\/\/archive.sana.sy\/es\/wp-content\/uploads\/2019\/10\/111111111111-300x171.jpg 300w\" sizes=\"(max-width: 660px) 100vw, 660px\" \/><\/a>\n\t\t\t<\/div><\/figure>\n\t\t<\/div>\n\n","protected":false},"excerpt":{"rendered":"<p>Deir Ezzor, SANA Los habitantes de la provincia oriental de Deir Ezzor se dieron cita hoy para celebrar las victorias del ej\u00e9rcito sirio y su entrada en numerosas ciudades y localidades en las provincias de Hasakeh, Raqa y Alepo. Los participantes en la manifestaci\u00f3n que tuvo lugar en la rotonda del aeropuerto, condenaron la agresi\u00f3n &hellip;<\/p>\n","protected":false},"author":32,"featured_media":117301,"comment_status":"closed","ping_status":"closed","sticky":false,"template":"","format":"standard","meta":{"footnotes":""},"categories":[597,476,583],"tags":[16811],"class_list":["post-117235","post","type-post","status-publish","format-standard","has-post-thumbnail","","category-cinta-de-noticias","category-locales","category-slide","tag-deir-ezzor-celebra-victorias-del-ejercito-y-condena-agresion-turca"],"_links":{"self":[{"href":"https:\/\/archive.sana.sy\/es\/index.php?rest_route=\/wp\/v2\/posts\/117235"}],"collection":[{"href":"https:\/\/archive.sana.sy\/es\/index.php?rest_route=\/wp\/v2\/posts"}],"about":[{"href":"https:\/\/archive.sana.sy\/es\/index.php?rest_route=\/wp\/v2\/types\/post"}],"author":[{"embeddable":true,"href":"https:\/\/archive.sana.sy\/es\/index.php?rest_route=\/wp\/v2\/users\/32"}],"replies":[{"embeddable":true,"href":"https:\/\/archive.sana.sy\/es\/index.php?rest_route=%2Fwp%2Fv2%2Fcomments&post=117235"}],"version-history":[{"count":0,"href":"https:\/\/archive.sana.sy\/es\/index.php?rest_route=\/wp\/v2\/posts\/117235\/revisions"}],"wp:featuredmedia":[{"embeddable":true,"href":"https:\/\/archive.sana.sy\/es\/index.php?rest_route=\/wp\/v2\/media\/117301"}],"wp:attachment":[{"href":"https:\/\/archive.sana.sy\/es\/index.php?rest_route=%2Fwp%2Fv2%2Fmedia&parent=117235"}],"wp:term":[{"taxonomy":"category","embeddable":true,"href":"https:\/\/archive.sana.sy\/es\/index.php?rest_route=%2Fwp%2Fv2%2Fcategories&post=117235"},{"taxonomy":"post_tag","embeddable":true,"href":"https:\/\/archive.sana.sy\/es\/index.php?rest_route=%2Fwp%2Fv2%2Ftags&post=117235"}],"curies":[{"name":"wp","href":"https:\/\/api.w.org\/{rel}","templated":true}]}}