{"id":117315,"date":"2019-10-16T22:48:53","date_gmt":"2019-10-16T19:48:53","guid":{"rendered":"https:\/\/sana.sy\/es\/?p=117315"},"modified":"2023-01-12T14:45:02","modified_gmt":"2023-01-12T12:45:02","slug":"italia-pide-sancionar-a-turquia-en-el-deporte-a-raiz-de-su-agresion-contra-siria","status":"publish","type":"post","link":"https:\/\/archive.sana.sy\/es\/?p=117315","title":{"rendered":"Italia pide sancionar a Turqu\u00eda en el deporte a ra\u00edz de su agresi\u00f3n contra Siria"},"content":{"rendered":"<p><span style=\"color: #800000;\">Roma, SANA<\/span><\/p>\n<p style=\"text-align: justify;\">Vincenzo Spadafora, Ministro de Deportes italiano, pidi\u00f3 a la Federaci\u00f3n Europea de F\u00fatbol (UEFA) que reconsidere la decisi\u00f3n de que Estambul ser\u00eda la sede de la final de la Liga de Campeones, a ra\u00edz de la agresi\u00f3n militar del r\u00e9gimen turco contra el territorio sirio.<\/p>\n<p style=\"text-align: justify;\">Seg\u00fan citaron los medios de comunicaci\u00f3n, Spadafora hizo un llamamiento al jefe del UEFA, Aleksander Ceferin, pidiendo \u201creconsiderar si es apropiado mantener a Estambul como sede del \u00faltimo partido de la final de la Liga de Campeones, tras las actividades peligrosas de Turqu\u00eda.\u201d<\/p>\n<p style=\"text-align: justify;\">&#8220;Hay que adoptar la decisi\u00f3n m\u00e1s valiente y mostrar de nuevo que el f\u00fatbol es un instrumento de paz&#8221;, solicit\u00f3.<\/p>\n<p><span style=\"color: #0000ff;\">R.R.\/ R.Sh.<\/span><\/p>\n","protected":false},"excerpt":{"rendered":"<p>Roma, SANA Vincenzo Spadafora, Ministro de Deportes italiano, pidi\u00f3 a la Federaci\u00f3n Europea de F\u00fatbol (UEFA) que reconsidere la decisi\u00f3n de que Estambul ser\u00eda la sede de la final de la Liga de Campeones, a ra\u00edz de la agresi\u00f3n militar del r\u00e9gimen turco contra el territorio sirio. Seg\u00fan citaron los medios de comunicaci\u00f3n, Spadafora hizo &hellip;<\/p>\n","protected":false},"author":31,"featured_media":117316,"comment_status":"closed","ping_status":"closed","sticky":false,"template":"","format":"standard","meta":{"footnotes":""},"categories":[597,456],"tags":[],"class_list":["post-117315","post","type-post","status-publish","format-standard","has-post-thumbnail","","category-cinta-de-noticias","category-arabe-internacional-politica"],"_links":{"self":[{"href":"https:\/\/archive.sana.sy\/es\/index.php?rest_route=\/wp\/v2\/posts\/117315"}],"collection":[{"href":"https:\/\/archive.sana.sy\/es\/index.php?rest_route=\/wp\/v2\/posts"}],"about":[{"href":"https:\/\/archive.sana.sy\/es\/index.php?rest_route=\/wp\/v2\/types\/post"}],"author":[{"embeddable":true,"href":"https:\/\/archive.sana.sy\/es\/index.php?rest_route=\/wp\/v2\/users\/31"}],"replies":[{"embeddable":true,"href":"https:\/\/archive.sana.sy\/es\/index.php?rest_route=%2Fwp%2Fv2%2Fcomments&post=117315"}],"version-history":[{"count":0,"href":"https:\/\/archive.sana.sy\/es\/index.php?rest_route=\/wp\/v2\/posts\/117315\/revisions"}],"wp:featuredmedia":[{"embeddable":true,"href":"https:\/\/archive.sana.sy\/es\/index.php?rest_route=\/wp\/v2\/media\/117316"}],"wp:attachment":[{"href":"https:\/\/archive.sana.sy\/es\/index.php?rest_route=%2Fwp%2Fv2%2Fmedia&parent=117315"}],"wp:term":[{"taxonomy":"category","embeddable":true,"href":"https:\/\/archive.sana.sy\/es\/index.php?rest_route=%2Fwp%2Fv2%2Fcategories&post=117315"},{"taxonomy":"post_tag","embeddable":true,"href":"https:\/\/archive.sana.sy\/es\/index.php?rest_route=%2Fwp%2Fv2%2Ftags&post=117315"}],"curies":[{"name":"wp","href":"https:\/\/api.w.org\/{rel}","templated":true}]}}