{"id":117318,"date":"2019-10-16T22:53:58","date_gmt":"2019-10-16T19:53:58","guid":{"rendered":"https:\/\/sana.sy\/es\/?p=117318"},"modified":"2019-10-16T22:53:58","modified_gmt":"2019-10-16T19:53:58","slug":"presidente-de-italia-repudia-la-agresion-turca-contra-siria","status":"publish","type":"post","link":"https:\/\/archive.sana.sy\/es\/?p=117318","title":{"rendered":"Presidente de Italia repudia la agresi\u00f3n turca contra Siria"},"content":{"rendered":"<p><span style=\"color: #800000;\">Washington, SANA <\/span><\/p>\n<p style=\"text-align: justify;\">El presidente italiano, Sergio Mattarella, expres\u00f3 este mi\u00e9rcoles su repulsa a la agresi\u00f3n lanzada por el r\u00e9gimen turco contra los territorios sirios.<\/p>\n<p style=\"text-align: justify;\">Seg\u00fan cit\u00f3 la agencia de noticias \u201cReuters\u201d, Matarella afirm\u00f3 en una rueda de prensa celebrada en Washington junto con el presidente estadounidense, Donald Trump, que su pa\u00eds &#8220;repudia el ataque turco&#8221; advirtiendo que este ataque podr\u00eda propiciar el resurgimiento de la organizaci\u00f3n terrorista Daesh&#8221;.<\/p>\n<p><span style=\"color: #0000ff;\">R.R.\/ R.Sh.<\/span><\/p>\n","protected":false},"excerpt":{"rendered":"<p>Washington, SANA El presidente italiano, Sergio Mattarella, expres\u00f3 este mi\u00e9rcoles su repulsa a la agresi\u00f3n lanzada por el r\u00e9gimen turco contra los territorios sirios. Seg\u00fan cit\u00f3 la agencia de noticias \u201cReuters\u201d, Matarella afirm\u00f3 en una rueda de prensa celebrada en Washington junto con el presidente estadounidense, Donald Trump, que su pa\u00eds &#8220;repudia el ataque turco&#8221; &hellip;<\/p>\n","protected":false},"author":31,"featured_media":117319,"comment_status":"closed","ping_status":"closed","sticky":false,"template":"","format":"standard","meta":{"footnotes":""},"categories":[597,467],"tags":[],"class_list":["post-117318","post","type-post","status-publish","format-standard","has-post-thumbnail","","category-cinta-de-noticias","category-siria-y-el-mundo"],"_links":{"self":[{"href":"https:\/\/archive.sana.sy\/es\/index.php?rest_route=\/wp\/v2\/posts\/117318"}],"collection":[{"href":"https:\/\/archive.sana.sy\/es\/index.php?rest_route=\/wp\/v2\/posts"}],"about":[{"href":"https:\/\/archive.sana.sy\/es\/index.php?rest_route=\/wp\/v2\/types\/post"}],"author":[{"embeddable":true,"href":"https:\/\/archive.sana.sy\/es\/index.php?rest_route=\/wp\/v2\/users\/31"}],"replies":[{"embeddable":true,"href":"https:\/\/archive.sana.sy\/es\/index.php?rest_route=%2Fwp%2Fv2%2Fcomments&post=117318"}],"version-history":[{"count":0,"href":"https:\/\/archive.sana.sy\/es\/index.php?rest_route=\/wp\/v2\/posts\/117318\/revisions"}],"wp:featuredmedia":[{"embeddable":true,"href":"https:\/\/archive.sana.sy\/es\/index.php?rest_route=\/wp\/v2\/media\/117319"}],"wp:attachment":[{"href":"https:\/\/archive.sana.sy\/es\/index.php?rest_route=%2Fwp%2Fv2%2Fmedia&parent=117318"}],"wp:term":[{"taxonomy":"category","embeddable":true,"href":"https:\/\/archive.sana.sy\/es\/index.php?rest_route=%2Fwp%2Fv2%2Fcategories&post=117318"},{"taxonomy":"post_tag","embeddable":true,"href":"https:\/\/archive.sana.sy\/es\/index.php?rest_route=%2Fwp%2Fv2%2Ftags&post=117318"}],"curies":[{"name":"wp","href":"https:\/\/api.w.org\/{rel}","templated":true}]}}