{"id":11736,"date":"2014-10-29T21:42:04","date_gmt":"2014-10-29T18:42:04","guid":{"rendered":"http:\/\/www.sana.sy\/es\/?p=11736"},"modified":"2014-10-29T22:06:28","modified_gmt":"2014-10-29T19:06:28","slug":"moscu-los-esfuerzos-deben-ser-unificados-para-combatir-el-terrorismo-internacional","status":"publish","type":"post","link":"https:\/\/archive.sana.sy\/es\/?p=11736","title":{"rendered":"Mosc\u00fa: Los esfuerzos deben ser unificados para combatir el terrorismo internacional"},"content":{"rendered":"<p style=\"text-align: justify\"><span style=\"color: #800000\">Mosc\u00fa, SANA<\/span><\/p>\n<p style=\"text-align: justify\">El canciller ruso, Sergu\u00e9i Lavrov, afirm\u00f3 la importancia de la guerra contra el terrorismo y el respeto de los derechos y la cultura de los pueblos, en referencia a la disposici\u00f3n de su pa\u00eds para ayudar a encontrar soluciones pol\u00edticas a las crisis en el mundo.<\/p>\n<p>&#8220;Rusia se pronuncia por la unificaci\u00f3n de los esfuerzos para combatir el terrorismo, que constituye una amenaza para el conjunto de los pa\u00edses&#8221;, dijo Lavrov en un discurso con motivo del nuevo a\u00f1o gregoriano.<br \/>\nEl mismo a\u00f1adi\u00f3 que &#8220;Mosc\u00fa sigue apoyando a los gobiernos de Siria, Irak y Egipto contra el terrorismo y el extremismo&#8221;.<\/p>\n<p>El funcionario ruso dijo que lo que ocurri\u00f3 en Siria con respecto a la guerra contra el terrorismo era una intervenci\u00f3n extranjera sin la aprobaci\u00f3n del gobierno de Siria, describi\u00e9ndola como \u201cfuera del derecho\u201d internacional.<\/p>\n<p>&nbsp;<\/p>\n<p style=\"text-align: justify\"><span style=\"color: #0000ff\">Ghifar Al., Riyad Sh.<br \/>\n<\/span><\/p>\n","protected":false},"excerpt":{"rendered":"<p>Mosc\u00fa, SANA El canciller ruso, Sergu\u00e9i Lavrov, afirm\u00f3 la importancia de la guerra contra el terrorismo y el respeto de los derechos y la cultura de los pueblos, en referencia a la disposici\u00f3n de su pa\u00eds para ayudar a encontrar soluciones pol\u00edticas a las crisis en el mundo. &#8220;Rusia se pronuncia por la unificaci\u00f3n de &hellip;<\/p>\n","protected":false},"author":1,"featured_media":11737,"comment_status":"closed","ping_status":"closed","sticky":false,"template":"","format":"standard","meta":{"footnotes":""},"categories":[597,576],"tags":[2645],"class_list":["post-11736","post","type-post","status-publish","format-standard","has-post-thumbnail","","category-cinta-de-noticias","category-noticias-politicas","tag-moscu-los-esfuerzos-deben-ser-unificados-para-combatir-el-terrorismo-internacional"],"_links":{"self":[{"href":"https:\/\/archive.sana.sy\/es\/index.php?rest_route=\/wp\/v2\/posts\/11736"}],"collection":[{"href":"https:\/\/archive.sana.sy\/es\/index.php?rest_route=\/wp\/v2\/posts"}],"about":[{"href":"https:\/\/archive.sana.sy\/es\/index.php?rest_route=\/wp\/v2\/types\/post"}],"author":[{"embeddable":true,"href":"https:\/\/archive.sana.sy\/es\/index.php?rest_route=\/wp\/v2\/users\/1"}],"replies":[{"embeddable":true,"href":"https:\/\/archive.sana.sy\/es\/index.php?rest_route=%2Fwp%2Fv2%2Fcomments&post=11736"}],"version-history":[{"count":0,"href":"https:\/\/archive.sana.sy\/es\/index.php?rest_route=\/wp\/v2\/posts\/11736\/revisions"}],"wp:featuredmedia":[{"embeddable":true,"href":"https:\/\/archive.sana.sy\/es\/index.php?rest_route=\/wp\/v2\/media\/11737"}],"wp:attachment":[{"href":"https:\/\/archive.sana.sy\/es\/index.php?rest_route=%2Fwp%2Fv2%2Fmedia&parent=11736"}],"wp:term":[{"taxonomy":"category","embeddable":true,"href":"https:\/\/archive.sana.sy\/es\/index.php?rest_route=%2Fwp%2Fv2%2Fcategories&post=11736"},{"taxonomy":"post_tag","embeddable":true,"href":"https:\/\/archive.sana.sy\/es\/index.php?rest_route=%2Fwp%2Fv2%2Ftags&post=11736"}],"curies":[{"name":"wp","href":"https:\/\/api.w.org\/{rel}","templated":true}]}}