{"id":117395,"date":"2019-10-17T14:48:39","date_gmt":"2019-10-17T11:48:39","guid":{"rendered":"https:\/\/sana.sy\/es\/?p=117395"},"modified":"2019-10-17T18:52:41","modified_gmt":"2019-10-17T15:52:41","slug":"intenso-bombardeo-con-artilleria-y-aviacion-de-la-fuerzas-de-ocupacion-turcas-contra-la-ciudad-ras-al-ain","status":"publish","type":"post","link":"https:\/\/archive.sana.sy\/es\/?p=117395","title":{"rendered":"Intenso bombardeo con artiller\u00eda y aviaci\u00f3n de las fuerzas de ocupaci\u00f3n turcas contra la ciudad Ras al-Ain"},"content":{"rendered":"<p style=\"text-align: justify;\"><span style=\"color: #800000;\">Hasakeh, SANA<\/span><\/p>\n<p style=\"text-align: justify;\">Las fuerzas de ocupaci\u00f3n turcas y sus mercenarios terroristas asediaron la ciudad de Ras al-Ain en el campo norte\u00f1o de Hasakeh y bombardeos sus barrios con artiller\u00eda y aviaci\u00f3n.<\/p>\n<p style=\"text-align: justify;\">Seg\u00fan report\u00f3 el corresponsal de SANA, el intenso bombardeo del agresor turco apunt\u00f3 tambi\u00e9n contra los poblados de Alieh, Souseh, Hwesh y Asadieh, cerca de Ras al-Ain.<\/p>\n<p style=\"text-align: justify;\">El ej\u00e9rcito del r\u00e9gimen tuco comenz\u00f3 el d\u00eda ocho del mes en curso, una agresi\u00f3n militar que cobr\u00f3 la vida de decenas de civiles y dej\u00f3 grandes p\u00e9rdidas en las instalaciones de servicios.<\/p>\n<p style=\"text-align: justify;\">La agresi\u00f3n ha sido ampliamente condenada y rechazada por la mayor\u00eda de los gobiernos de la regi\u00f3n y el mundo.<\/p>\n<p style=\"text-align: justify;\"><span style=\"color: #0000ff;\"><strong>W.S\/ F.M<\/strong><\/span><\/p>\n","protected":false},"excerpt":{"rendered":"<p>Hasakeh, SANA Las fuerzas de ocupaci\u00f3n turcas y sus mercenarios terroristas asediaron la ciudad de Ras al-Ain en el campo norte\u00f1o de Hasakeh y bombardeos sus barrios con artiller\u00eda y aviaci\u00f3n. Seg\u00fan report\u00f3 el corresponsal de SANA, el intenso bombardeo del agresor turco apunt\u00f3 tambi\u00e9n contra los poblados de Alieh, Souseh, Hwesh y Asadieh, cerca &hellip;<\/p>\n","protected":false},"author":35,"featured_media":117396,"comment_status":"closed","ping_status":"closed","sticky":false,"template":"","format":"standard","meta":{"footnotes":""},"categories":[597,476,7541],"tags":[],"class_list":["post-117395","post","type-post","status-publish","format-standard","has-post-thumbnail","","category-cinta-de-noticias","category-locales","category-ultimas-noticias"],"_links":{"self":[{"href":"https:\/\/archive.sana.sy\/es\/index.php?rest_route=\/wp\/v2\/posts\/117395"}],"collection":[{"href":"https:\/\/archive.sana.sy\/es\/index.php?rest_route=\/wp\/v2\/posts"}],"about":[{"href":"https:\/\/archive.sana.sy\/es\/index.php?rest_route=\/wp\/v2\/types\/post"}],"author":[{"embeddable":true,"href":"https:\/\/archive.sana.sy\/es\/index.php?rest_route=\/wp\/v2\/users\/35"}],"replies":[{"embeddable":true,"href":"https:\/\/archive.sana.sy\/es\/index.php?rest_route=%2Fwp%2Fv2%2Fcomments&post=117395"}],"version-history":[{"count":0,"href":"https:\/\/archive.sana.sy\/es\/index.php?rest_route=\/wp\/v2\/posts\/117395\/revisions"}],"wp:featuredmedia":[{"embeddable":true,"href":"https:\/\/archive.sana.sy\/es\/index.php?rest_route=\/wp\/v2\/media\/117396"}],"wp:attachment":[{"href":"https:\/\/archive.sana.sy\/es\/index.php?rest_route=%2Fwp%2Fv2%2Fmedia&parent=117395"}],"wp:term":[{"taxonomy":"category","embeddable":true,"href":"https:\/\/archive.sana.sy\/es\/index.php?rest_route=%2Fwp%2Fv2%2Fcategories&post=117395"},{"taxonomy":"post_tag","embeddable":true,"href":"https:\/\/archive.sana.sy\/es\/index.php?rest_route=%2Fwp%2Fv2%2Ftags&post=117395"}],"curies":[{"name":"wp","href":"https:\/\/api.w.org\/{rel}","templated":true}]}}