{"id":117400,"date":"2019-10-17T14:57:56","date_gmt":"2019-10-17T11:57:56","guid":{"rendered":"https:\/\/sana.sy\/es\/?p=117400"},"modified":"2019-10-17T14:57:56","modified_gmt":"2019-10-17T11:57:56","slug":"ejercito-iza-bandera-nacional-en-la-ciudad-de-ain-al-arab","status":"publish","type":"post","link":"https:\/\/archive.sana.sy\/es\/?p=117400","title":{"rendered":"Ej\u00e9rcito iza bandera nacional en la ciudad de Ain al-Arab"},"content":{"rendered":"<p style=\"text-align: justify;\"><span style=\"color: #800000;\">Alepo, SANA<\/span><\/p>\n<p style=\"text-align: justify;\">Los soldados del Ej\u00e9rcito \u00c1rabe Sirio izaron hoy la bandera nacional en la ciudad de Ain al-Arab, en el extremo nordeste de la provincia de Alepo, cerca de la frontera con Turqu\u00eda.<\/p>\n<p style=\"text-align: justify;\">Los militares sirios se desplegaron la v\u00edspera en la ciudad lo cual fue acogido con alegr\u00eda por el ej\u00e9rcito.<\/p>\n<p style=\"text-align: justify;\">La c\u00e1mara documento estos momentos.<\/p>\n<div id='gallery-1' class='gallery galleryid-117400 gallery-columns-1 gallery-size-full'><figure class='gallery-item'>\n\t\t\t<div class='gallery-icon landscape'>\n\t\t\t\t<a href='https:\/\/archive.sana.sy\/es\/wp-content\/uploads\/2019\/10\/3-174.jpg'><img loading=\"lazy\" decoding=\"async\" width=\"660\" height=\"444\" src=\"https:\/\/archive.sana.sy\/es\/wp-content\/uploads\/2019\/10\/3-174.jpg\" class=\"attachment-full size-full\" alt=\"\" srcset=\"https:\/\/archive.sana.sy\/es\/wp-content\/uploads\/2019\/10\/3-174.jpg 660w, https:\/\/archive.sana.sy\/es\/wp-content\/uploads\/2019\/10\/3-174-150x101.jpg 150w, https:\/\/archive.sana.sy\/es\/wp-content\/uploads\/2019\/10\/3-174-300x202.jpg 300w, https:\/\/archive.sana.sy\/es\/wp-content\/uploads\/2019\/10\/3-174-110x75.jpg 110w\" sizes=\"(max-width: 660px) 100vw, 660px\" \/><\/a>\n\t\t\t<\/div><\/figure><figure class='gallery-item'>\n\t\t\t<div class='gallery-icon landscape'>\n\t\t\t\t<a href='https:\/\/archive.sana.sy\/es\/wp-content\/uploads\/2019\/10\/2-202.jpg'><img loading=\"lazy\" decoding=\"async\" width=\"660\" height=\"456\" src=\"https:\/\/archive.sana.sy\/es\/wp-content\/uploads\/2019\/10\/2-202.jpg\" class=\"attachment-full size-full\" alt=\"\" srcset=\"https:\/\/archive.sana.sy\/es\/wp-content\/uploads\/2019\/10\/2-202.jpg 660w, https:\/\/archive.sana.sy\/es\/wp-content\/uploads\/2019\/10\/2-202-150x104.jpg 150w, https:\/\/archive.sana.sy\/es\/wp-content\/uploads\/2019\/10\/2-202-300x207.jpg 300w, https:\/\/archive.sana.sy\/es\/wp-content\/uploads\/2019\/10\/2-202-110x75.jpg 110w\" sizes=\"(max-width: 660px) 100vw, 660px\" \/><\/a>\n\t\t\t<\/div><\/figure>\n\t\t<\/div>\n\n<p>&nbsp;<\/p>\n<p style=\"text-align: justify;\"><span style=\"color: #0000ff;\"><strong>F.M\/ W.S<\/strong><\/span><\/p>\n<p>&nbsp;<\/p>\n<p>&nbsp;<\/p>\n","protected":false},"excerpt":{"rendered":"<p>Alepo, SANA Los soldados del Ej\u00e9rcito \u00c1rabe Sirio izaron hoy la bandera nacional en la ciudad de Ain al-Arab, en el extremo nordeste de la provincia de Alepo, cerca de la frontera con Turqu\u00eda. Los militares sirios se desplegaron la v\u00edspera en la ciudad lo cual fue acogido con alegr\u00eda por el ej\u00e9rcito. La c\u00e1mara &hellip;<\/p>\n","protected":false},"author":35,"featured_media":117401,"comment_status":"closed","ping_status":"closed","sticky":false,"template":"","format":"standard","meta":{"footnotes":""},"categories":[597,573,476,583],"tags":[],"class_list":["post-117400","post","type-post","status-publish","format-standard","has-post-thumbnail","","category-cinta-de-noticias","category-la-realidad-de-los-acontecimientos-en-siria","category-locales","category-slide"],"_links":{"self":[{"href":"https:\/\/archive.sana.sy\/es\/index.php?rest_route=\/wp\/v2\/posts\/117400"}],"collection":[{"href":"https:\/\/archive.sana.sy\/es\/index.php?rest_route=\/wp\/v2\/posts"}],"about":[{"href":"https:\/\/archive.sana.sy\/es\/index.php?rest_route=\/wp\/v2\/types\/post"}],"author":[{"embeddable":true,"href":"https:\/\/archive.sana.sy\/es\/index.php?rest_route=\/wp\/v2\/users\/35"}],"replies":[{"embeddable":true,"href":"https:\/\/archive.sana.sy\/es\/index.php?rest_route=%2Fwp%2Fv2%2Fcomments&post=117400"}],"version-history":[{"count":0,"href":"https:\/\/archive.sana.sy\/es\/index.php?rest_route=\/wp\/v2\/posts\/117400\/revisions"}],"wp:featuredmedia":[{"embeddable":true,"href":"https:\/\/archive.sana.sy\/es\/index.php?rest_route=\/wp\/v2\/media\/117401"}],"wp:attachment":[{"href":"https:\/\/archive.sana.sy\/es\/index.php?rest_route=%2Fwp%2Fv2%2Fmedia&parent=117400"}],"wp:term":[{"taxonomy":"category","embeddable":true,"href":"https:\/\/archive.sana.sy\/es\/index.php?rest_route=%2Fwp%2Fv2%2Fcategories&post=117400"},{"taxonomy":"post_tag","embeddable":true,"href":"https:\/\/archive.sana.sy\/es\/index.php?rest_route=%2Fwp%2Fv2%2Ftags&post=117400"}],"curies":[{"name":"wp","href":"https:\/\/api.w.org\/{rel}","templated":true}]}}