{"id":117409,"date":"2019-10-17T16:58:17","date_gmt":"2019-10-17T13:58:17","guid":{"rendered":"https:\/\/sana.sy\/es\/?p=117409"},"modified":"2019-10-18T17:33:00","modified_gmt":"2019-10-18T14:33:00","slug":"al-assad-la-agresion-del-regimen-de-erdogan-es-una-invasion-y-respondemos-por-todos-los-medios-legitimos-disponibles","status":"publish","type":"post","link":"https:\/\/archive.sana.sy\/es\/?p=117409","title":{"rendered":"Al-Assad: la agresi\u00f3n del r\u00e9gimen de Erdogan es una invasi\u00f3n y respondemos por todos los medios leg\u00edtimos disponibles"},"content":{"rendered":"<p><span style=\"color: #800000;\">Damasco, SANA<\/span><\/p>\n<p>El presidente Bashar al-Assad, recibi\u00f3 hoy a Faleh al-Fayyad, el asesor de seguridad nacional iraqu\u00ed, quien transmiti\u00f3 un mensaje del primer ministro iraqu\u00ed, Adel Abdul Mahdi.<\/p>\n<p>El mensaje se centr\u00f3 en las formas de desarrollar las relaciones entre los dos pa\u00edses y elevar la coordinaci\u00f3n existente a niveles m\u00e1s altos y \u00e1reas m\u00e1s integrales, en los temas de lucha contra el terrorismo y la seguridad fronteriza a la luz de los acontecimientos recientes, adem\u00e1s de la cooperaci\u00f3n econ\u00f3mica y la apertura de cruces entre Siria e Irak.<\/p>\n<p>Las conversaciones abordaron la situaci\u00f3n en los \u00e1mbitos regional e internacional, donde el presidente al-Assad enfatiz\u00f3 que las ambiciones extranjeras en nuestra regi\u00f3n no se detuvieron a lo largo de la historia y que la agresi\u00f3n criminal turca lanzada por el r\u00e9gimen de Erdogan en nuestro pa\u00eds cae bajo esas ambiciones.<\/p>\n<p>Es una clara invasi\u00f3n y agresi\u00f3n al que Siria respondi\u00f3 en m\u00e1s de un lugar golpeando a los agentes y terroristas del r\u00e9gimen turco y lo confrontar\u00e1 en todas sus formas en cualquier zona del territorio sirio empleando todos los medios leg\u00edtimos disponibles.<\/p>\n<p>Por su parte, Fayyad enfatiz\u00f3 que los dos pa\u00edses contin\u00faan su acci\u00f3n conjunta en varios niveles para lograr los intereses de los pueblos hermanos, y lograr la seguridad y la paz para ambos pa\u00edses.<\/p>\n<p><span style=\"color: #000080;\"><strong>F.M\/W.S<\/strong><\/span><\/p>\n","protected":false},"excerpt":{"rendered":"<p>Damasco, SANA El presidente Bashar al-Assad, recibi\u00f3 hoy a Faleh al-Fayyad, el asesor de seguridad nacional iraqu\u00ed, quien transmiti\u00f3 un mensaje del primer ministro iraqu\u00ed, Adel Abdul Mahdi. El mensaje se centr\u00f3 en las formas de desarrollar las relaciones entre los dos pa\u00edses y elevar la coordinaci\u00f3n existente a niveles m\u00e1s altos y \u00e1reas m\u00e1s &hellip;<\/p>\n","protected":false},"author":34,"featured_media":117410,"comment_status":"closed","ping_status":"closed","sticky":false,"template":"","format":"standard","meta":{"footnotes":""},"categories":[597,476,16237,467,583,1],"tags":[16831],"class_list":["post-117409","post","type-post","status-publish","format-standard","has-post-thumbnail","","category-cinta-de-noticias","category-locales","category-presidence-de-la-republique-arabe-syria","category-siria-y-el-mundo","category-slide","category-news-not-sorted","tag-al-assad-la-agresion-del-regimen-de-erdogan-es-una-invasion-y-respondemos-por-todos-los-medios-legitimos-disponibles"],"_links":{"self":[{"href":"https:\/\/archive.sana.sy\/es\/index.php?rest_route=\/wp\/v2\/posts\/117409"}],"collection":[{"href":"https:\/\/archive.sana.sy\/es\/index.php?rest_route=\/wp\/v2\/posts"}],"about":[{"href":"https:\/\/archive.sana.sy\/es\/index.php?rest_route=\/wp\/v2\/types\/post"}],"author":[{"embeddable":true,"href":"https:\/\/archive.sana.sy\/es\/index.php?rest_route=\/wp\/v2\/users\/34"}],"replies":[{"embeddable":true,"href":"https:\/\/archive.sana.sy\/es\/index.php?rest_route=%2Fwp%2Fv2%2Fcomments&post=117409"}],"version-history":[{"count":0,"href":"https:\/\/archive.sana.sy\/es\/index.php?rest_route=\/wp\/v2\/posts\/117409\/revisions"}],"wp:featuredmedia":[{"embeddable":true,"href":"https:\/\/archive.sana.sy\/es\/index.php?rest_route=\/wp\/v2\/media\/117410"}],"wp:attachment":[{"href":"https:\/\/archive.sana.sy\/es\/index.php?rest_route=%2Fwp%2Fv2%2Fmedia&parent=117409"}],"wp:term":[{"taxonomy":"category","embeddable":true,"href":"https:\/\/archive.sana.sy\/es\/index.php?rest_route=%2Fwp%2Fv2%2Fcategories&post=117409"},{"taxonomy":"post_tag","embeddable":true,"href":"https:\/\/archive.sana.sy\/es\/index.php?rest_route=%2Fwp%2Fv2%2Ftags&post=117409"}],"curies":[{"name":"wp","href":"https:\/\/api.w.org\/{rel}","templated":true}]}}