{"id":117419,"date":"2019-10-17T18:17:34","date_gmt":"2019-10-17T15:17:34","guid":{"rendered":"https:\/\/sana.sy\/es\/?p=117419"},"modified":"2019-10-17T18:17:34","modified_gmt":"2019-10-17T15:17:34","slug":"mekdad-llama-a-la-fao-a-enfocar-sus-actividades-en-las-tareas-del-desarrollo-en-siria","status":"publish","type":"post","link":"https:\/\/archive.sana.sy\/es\/?p=117419","title":{"rendered":"Mekdad llama a la FAO a enfocar sus actividades en las tareas del desarrollo en Siria"},"content":{"rendered":"<p style=\"text-align: justify;\"><span style=\"color: #800000;\">Damasco, SANA<\/span><\/p>\n<p style=\"text-align: justify;\">El Viceministro de Exteriores y Expatriados, Faisal Mekdad, recibi\u00f3 hoy a Abdul Salam Ould Ahmed Saleh, Representante Residente de la Oficina Regional de la Organizaci\u00f3n de las Naciones Unidas para la Agricultura y la Alimentaci\u00f3n (FAO), y subdirector de la oficina matriz de esa organizaci\u00f3n en Roma.<\/p>\n<p style=\"text-align: justify;\">Durante la reuni\u00f3n, se abordaron las relaciones de cooperaci\u00f3n existentes entre el gobierno sirio y la FAO, y las formas de seguir fortaleci\u00e9ndolas durante el pr\u00f3ximo periodo.<\/p>\n<p style=\"text-align: justify;\">Mekdad destac\u00f3 la importancia de continuar la cooperaci\u00f3n constructiva entre el gobierno sirio y la FAO, que es una de las organizaciones de la ONU m\u00e1s importantes y antiguas que operan en Siria.<\/p>\n<p style=\"text-align: justify;\">Llam\u00f3 a la FAO a enfocar sus actividades en sus tareas de fomento en Siria lo cual impulsar\u00eda el desarrollo verdadero.<\/p>\n<p style=\"text-align: justify;\">El vicecanciller elogi\u00f3 el compromiso de la FAO con los principios de profesionalismo, neutralidad e independencia y acogi\u00f3 con satisfacci\u00f3n su partida de la politizaci\u00f3n en su trabajo.<\/p>\n<p style=\"text-align: justify;\">Asimismo, conden\u00f3 las medidas coercitivas unilaterales adoptadas por los pa\u00edses occidentales, las que exacerbaron el sufrimiento de los ciudadanos sirios y sus esfuerzos para combatir el terrorismo.<\/p>\n<p style=\"text-align: justify;\">Por su parte, el Representante Residente de la Oficina Regional expres\u00f3 su gran aprecio por las relaciones entre Siria y la FAO.<\/p>\n<p style=\"text-align: justify;\">Tambi\u00e9n, expres\u00f3 su satisfacci\u00f3n con los logros y proyectos implementados por la organizaci\u00f3n en cooperaci\u00f3n con el gobierno sirio y se acord\u00f3 integrar aspectos relacionados con iniciativas y proyectos, que se aprobar\u00e1n m\u00e1s adelante.<\/p>\n<p style=\"text-align: justify;\"><span style=\"color: #0000ff;\"><strong>F.M\/ W.S<\/strong><\/span><\/p>\n","protected":false},"excerpt":{"rendered":"<p>Damasco, SANA El Viceministro de Exteriores y Expatriados, Faisal Mekdad, recibi\u00f3 hoy a Abdul Salam Ould Ahmed Saleh, Representante Residente de la Oficina Regional de la Organizaci\u00f3n de las Naciones Unidas para la Agricultura y la Alimentaci\u00f3n (FAO), y subdirector de la oficina matriz de esa organizaci\u00f3n en Roma. Durante la reuni\u00f3n, se abordaron las &hellip;<\/p>\n","protected":false},"author":34,"featured_media":117420,"comment_status":"closed","ping_status":"closed","sticky":false,"template":"","format":"standard","meta":{"footnotes":""},"categories":[477,597,476,7541],"tags":[],"class_list":["post-117419","post","type-post","status-publish","format-standard","has-post-thumbnail","","category-noticias-edulcorantes","category-cinta-de-noticias","category-locales","category-ultimas-noticias"],"_links":{"self":[{"href":"https:\/\/archive.sana.sy\/es\/index.php?rest_route=\/wp\/v2\/posts\/117419"}],"collection":[{"href":"https:\/\/archive.sana.sy\/es\/index.php?rest_route=\/wp\/v2\/posts"}],"about":[{"href":"https:\/\/archive.sana.sy\/es\/index.php?rest_route=\/wp\/v2\/types\/post"}],"author":[{"embeddable":true,"href":"https:\/\/archive.sana.sy\/es\/index.php?rest_route=\/wp\/v2\/users\/34"}],"replies":[{"embeddable":true,"href":"https:\/\/archive.sana.sy\/es\/index.php?rest_route=%2Fwp%2Fv2%2Fcomments&post=117419"}],"version-history":[{"count":0,"href":"https:\/\/archive.sana.sy\/es\/index.php?rest_route=\/wp\/v2\/posts\/117419\/revisions"}],"wp:featuredmedia":[{"embeddable":true,"href":"https:\/\/archive.sana.sy\/es\/index.php?rest_route=\/wp\/v2\/media\/117420"}],"wp:attachment":[{"href":"https:\/\/archive.sana.sy\/es\/index.php?rest_route=%2Fwp%2Fv2%2Fmedia&parent=117419"}],"wp:term":[{"taxonomy":"category","embeddable":true,"href":"https:\/\/archive.sana.sy\/es\/index.php?rest_route=%2Fwp%2Fv2%2Fcategories&post=117419"},{"taxonomy":"post_tag","embeddable":true,"href":"https:\/\/archive.sana.sy\/es\/index.php?rest_route=%2Fwp%2Fv2%2Ftags&post=117419"}],"curies":[{"name":"wp","href":"https:\/\/api.w.org\/{rel}","templated":true}]}}