{"id":117445,"date":"2019-10-17T22:50:27","date_gmt":"2019-10-17T19:50:27","guid":{"rendered":"https:\/\/sana.sy\/es\/?p=117445"},"modified":"2019-10-18T06:21:57","modified_gmt":"2019-10-18T03:21:57","slug":"ee-uu-anuncia-acuerdo-con-el-regimen-turco-de-un-cese-al-fuego-por-cinco-dias","status":"publish","type":"post","link":"https:\/\/archive.sana.sy\/es\/?p=117445","title":{"rendered":"Washington acuerda con el r\u00e9gimen turco un cese al fuego por cinco d\u00edas"},"content":{"rendered":"<p>Ankara, SANA<\/p>\n<p>El Vicepresidente de Estados Unidos, Mike Pence, anunci\u00f3 un acuerdo con el r\u00e9gimen turco de un cese al fuego por cinco d\u00edas para permitir la retirada de QSD de la llamada \u00a8Zona Segura\u00a8.<\/p>\n<p>Pence dijo en una conferencia de prensa, que \u00a8el r\u00e9gimen turco suspender\u00e1 las operaciones militares por un periodo de cinco d\u00edas para permitir la retirada de QSD de la llamada \u00a8Zona Segura\u00a8.<\/p>\n<p>Se\u00f1al\u00f3 que en virtud del acuerdo, Washington trasladar\u00eda a los integrantes de QSD 20 millas de profundidad dentro del territorio sirio.<\/p>\n<p><span style=\"color: #0000ff;\"><strong>Y.K\/ F.M<\/strong><\/span><\/p>\n","protected":false},"excerpt":{"rendered":"<p>Ankara, SANA El Vicepresidente de Estados Unidos, Mike Pence, anunci\u00f3 un acuerdo con el r\u00e9gimen turco de un cese al fuego por cinco d\u00edas para permitir la retirada de QSD de la llamada \u00a8Zona Segura\u00a8. Pence dijo en una conferencia de prensa, que \u00a8el r\u00e9gimen turco suspender\u00e1 las operaciones militares por un periodo de cinco &hellip;<\/p>\n","protected":false},"author":1,"featured_media":117446,"comment_status":"closed","ping_status":"closed","sticky":false,"template":"","format":"standard","meta":{"footnotes":""},"categories":[597,456,467],"tags":[],"class_list":["post-117445","post","type-post","status-publish","format-standard","has-post-thumbnail","","category-cinta-de-noticias","category-arabe-internacional-politica","category-siria-y-el-mundo"],"_links":{"self":[{"href":"https:\/\/archive.sana.sy\/es\/index.php?rest_route=\/wp\/v2\/posts\/117445"}],"collection":[{"href":"https:\/\/archive.sana.sy\/es\/index.php?rest_route=\/wp\/v2\/posts"}],"about":[{"href":"https:\/\/archive.sana.sy\/es\/index.php?rest_route=\/wp\/v2\/types\/post"}],"author":[{"embeddable":true,"href":"https:\/\/archive.sana.sy\/es\/index.php?rest_route=\/wp\/v2\/users\/1"}],"replies":[{"embeddable":true,"href":"https:\/\/archive.sana.sy\/es\/index.php?rest_route=%2Fwp%2Fv2%2Fcomments&post=117445"}],"version-history":[{"count":0,"href":"https:\/\/archive.sana.sy\/es\/index.php?rest_route=\/wp\/v2\/posts\/117445\/revisions"}],"wp:featuredmedia":[{"embeddable":true,"href":"https:\/\/archive.sana.sy\/es\/index.php?rest_route=\/wp\/v2\/media\/117446"}],"wp:attachment":[{"href":"https:\/\/archive.sana.sy\/es\/index.php?rest_route=%2Fwp%2Fv2%2Fmedia&parent=117445"}],"wp:term":[{"taxonomy":"category","embeddable":true,"href":"https:\/\/archive.sana.sy\/es\/index.php?rest_route=%2Fwp%2Fv2%2Fcategories&post=117445"},{"taxonomy":"post_tag","embeddable":true,"href":"https:\/\/archive.sana.sy\/es\/index.php?rest_route=%2Fwp%2Fv2%2Ftags&post=117445"}],"curies":[{"name":"wp","href":"https:\/\/api.w.org\/{rel}","templated":true}]}}